{"id":108409,"date":"2019-08-03T10:08:55","date_gmt":"2019-08-03T13:08:55","guid":{"rendered":"http:\/\/www.caririemacao.com\/1\/?p=108409"},"modified":"2019-08-03T10:08:55","modified_gmt":"2019-08-03T13:08:55","slug":"internado-com-infeccao-pulmonar-ary-toledo-perde-25-quilos-e-apresenta-quadro-depressivo","status":"publish","type":"post","link":"https:\/\/www.caririemacao.com\/1\/2019\/08\/03\/internado-com-infeccao-pulmonar-ary-toledo-perde-25-quilos-e-apresenta-quadro-depressivo\/","title":{"rendered":"Internado com infec\u00e7\u00e3o pulmonar, Ary Toledo perde 25 quilos e apresenta quadro depressivo"},"content":{"rendered":"\n<p>Ary Toledo, de 81 anos, est\u00e1 internado no Hospital S\u00edrio Liban\u00eas, em S\u00e3o Paulo, para tratar de problemas pulmonares. Al\u00e9m da infec\u00e7\u00e3o pulmonar, o humorista est\u00e1 com um quadro depressivo, informou a assessoria de imprensa dele para QUEM na tarde desta sexta-feira (2).<\/p>\n\n\n\n<p>&#8220;Ary sempre teve uma boa sa\u00fade, uma sa\u00fade de touro, mas contraiu uma pneumonia bacteriana em junho que o derrubou. Para complicar, est\u00e1 em um quadro depressivo e fica muito triste, sem se alimentar, por\u00e9m totalmente l\u00facido&#8221;, afirmou F\u00e1tima Freitas, assessora que o acompanha.<\/p>\n\n\n\n<p>Ary ficou cerca de um m\u00eas internado &#8212; entre os dias 23 junho e 22 de julho&#8211;, teve alta, mas apresentou uma reca\u00edda no quadro de sa\u00fade e voltou ao hospital no domingo (28), quando foi direto para a UTI. Desde quarta-feira (31), ele est\u00e1 na Unidade Semi-Intensiva.<\/p>\n\n\n\n<p>De acordo com a representante, al\u00e9m dos m\u00e9dicos, ele tem acompanhamento de fisioterapeutas e psic\u00f3logas. &#8220;Ele j\u00e1 perdeu 25 quilos e est\u00e1 debilitado, sem se locomover. Sete shows precisaram ser cancelados. O quadro de letargia e depress\u00e3o \u00e9 muito complicado&#8221;, afirmou F\u00e1tima, contando que a visita de amigos melhorou o estado de sa\u00fade de Ary.<\/p>\n\n\n\n<p>&#8220;Raul Gil veio visit\u00e1-lo ontem. Fez uma ora\u00e7\u00e3o e ele melhorou. O Carlos Alberto de N\u00f3brega tamb\u00e9m ficou de vir, assim como o Z\u00e9 Am\u00e9rico e o Matheus Cear\u00e1. A galera da Pra\u00e7a gosta muito dele. At\u00e9 o m\u00eas de junho, ele fez A Pra\u00e7a \u00e9 Nossa, no SBT.<\/p>\n\n\n\n<p>Ary Toledo nasceu em Martin\u00f3polis, interior do estado de S\u00e3o Paulo, e mudou-se para a capital aos 22 anos, quando come\u00e7ou a trabalhar como ator no Teatro Arena. Ele \u00e9 vi\u00favo da atriz Marly Marley, com quem viveu por aproximadamente 40 anos, e n\u00e3o tem filhos.<\/p>\n","protected":false},"excerpt":{"rendered":"<p>Ary Toledo, de 81 anos, est\u00e1 internado no Hospital S\u00edrio Liban\u00eas, em S\u00e3o Paulo, para tratar de problemas pulmonares. Al\u00e9m da infec\u00e7\u00e3o pulmonar, o humorista&hellip; <\/p>\n","protected":false},"author":1,"featured_media":108411,"comment_status":"closed","ping_status":"closed","sticky":false,"template":"","format":"standard","meta":{"sfsi_plus_gutenberg_text_before_share":"","sfsi_plus_gutenberg_show_text_before_share":"","sfsi_plus_gutenberg_icon_type":"","sfsi_plus_gutenberg_icon_alignemt":"","sfsi_plus_gutenburg_max_per_row":"","footnotes":""},"categories":[2],"tags":[],"class_list":["post-108409","post","type-post","status-publish","format-standard","has-post-thumbnail","hentry","category-geral"],"_links":{"self":[{"href":"https:\/\/www.caririemacao.com\/1\/wp-json\/wp\/v2\/posts\/108409","targetHints":{"allow":["GET"]}}],"collection":[{"href":"https:\/\/www.caririemacao.com\/1\/wp-json\/wp\/v2\/posts"}],"about":[{"href":"https:\/\/www.caririemacao.com\/1\/wp-json\/wp\/v2\/types\/post"}],"author":[{"embeddable":true,"href":"https:\/\/www.caririemacao.com\/1\/wp-json\/wp\/v2\/users\/1"}],"replies":[{"embeddable":true,"href":"https:\/\/www.caririemacao.com\/1\/wp-json\/wp\/v2\/comments?post=108409"}],"version-history":[{"count":1,"href":"https:\/\/www.caririemacao.com\/1\/wp-json\/wp\/v2\/posts\/108409\/revisions"}],"predecessor-version":[{"id":108412,"href":"https:\/\/www.caririemacao.com\/1\/wp-json\/wp\/v2\/posts\/108409\/revisions\/108412"}],"wp:featuredmedia":[{"embeddable":true,"href":"https:\/\/www.caririemacao.com\/1\/wp-json\/wp\/v2\/media\/108411"}],"wp:attachment":[{"href":"https:\/\/www.caririemacao.com\/1\/wp-json\/wp\/v2\/media?parent=108409"}],"wp:term":[{"taxonomy":"category","embeddable":true,"href":"https:\/\/www.caririemacao.com\/1\/wp-json\/wp\/v2\/categories?post=108409"},{"taxonomy":"post_tag","embeddable":true,"href":"https:\/\/www.caririemacao.com\/1\/wp-json\/wp\/v2\/tags?post=108409"}],"curies":[{"name":"wp","href":"https:\/\/api.w.org\/{rel}","templated":true}]}}