{"id":108416,"date":"2019-08-03T10:57:31","date_gmt":"2019-08-03T13:57:31","guid":{"rendered":"http:\/\/www.caririemacao.com\/1\/?p=108416"},"modified":"2019-08-03T10:57:31","modified_gmt":"2019-08-03T13:57:31","slug":"comissao-da-verdade-da-paraiba-lanca-nota-de-indignacao-com-brutalidade-de-bolsonaro","status":"publish","type":"post","link":"https:\/\/www.caririemacao.com\/1\/2019\/08\/03\/comissao-da-verdade-da-paraiba-lanca-nota-de-indignacao-com-brutalidade-de-bolsonaro\/","title":{"rendered":"Comiss\u00e3o da Verdade da Para\u00edba lan\u00e7a nota de indigna\u00e7\u00e3o com brutalidade de Bolsonaro"},"content":{"rendered":"\n<p>Ex-integrantes da Comiss\u00e3o Estadual da Verdade e da Preserva\u00e7\u00e3o da Mem\u00f3ria do Estado da Para\u00edba se manifestaram, atrav\u00e9s de nota, contra o recente ataque do presidente Jair Bolsonaro contra o presidente da OAB, Felipe Santa Cruz. Na ocasi\u00e3o, Bolsonaro afirmou saber o que ocorreu com o pai de Santa Cruz, morto durante o per\u00edodo ditatorial brasileiro.<\/p>\n\n\n\n<p>\u201cNos irmanamos nesse movimento nacional de rep\u00fadio, especialmente pelos la\u00e7os da fam\u00edlia Santa Cruz que unem os estados de Pernambuco e Para\u00edba, marcados por lutadores que enfrentaram a Ditadura Militar\u201d, diz a nota.<\/p>\n\n\n\n<p><em>NOTA DE SOLIDARIEDADE<\/em><\/p>\n\n\n\n<p><em>Os ex-integrantes da Comiss\u00e3o Estadual da Verdade e da Preserva\u00e7\u00e3o da Mem\u00f3ria do Estado da Para\u00edba v\u00eam a p\u00fablico expressar a sua solidariedade ao presidente da Ordem dos Advogados do Brasil, Felipe Santa Cruz, nesse momento de dor e de indigna\u00e7\u00e3o diante do ataque leviano e irrespons\u00e1vel do presidente da Rep\u00fablica, Jair Bolsonaro, \u00e0 mem\u00f3ria do seu pai Fernando Augusto Santa Cruz de Oliveira.<\/em><\/p>\n\n\n\n<p><em>&nbsp;Nos irmanamos nesse movimento nacional de rep\u00fadio, especialmente pelos la\u00e7os da fam\u00edlia Santa Cruz que unem os estados de Pernambuco e Para\u00edba, marcados por lutadores que enfrentaram a Ditadura Militar. Ataques como esse refor\u00e7am a necessidade de a\u00e7\u00f5es mais efetivas da educa\u00e7\u00e3o para o nunca mais, promovendo o conhecimento da verdade sobre as viola\u00e7\u00f5es de direitos humanos ocorridas durante a ditadura militar e o desejo de justi\u00e7a. Fernando Santa Cruz, PRESENTE!<\/em><\/p>\n","protected":false},"excerpt":{"rendered":"<p>Ex-integrantes da Comiss\u00e3o Estadual da Verdade e da Preserva\u00e7\u00e3o da Mem\u00f3ria do Estado da Para\u00edba se manifestaram, atrav\u00e9s de nota, contra o recente ataque do&hellip; <\/p>\n","protected":false},"author":1,"featured_media":106135,"comment_status":"closed","ping_status":"closed","sticky":false,"template":"","format":"standard","meta":{"sfsi_plus_gutenberg_text_before_share":"","sfsi_plus_gutenberg_show_text_before_share":"","sfsi_plus_gutenberg_icon_type":"","sfsi_plus_gutenberg_icon_alignemt":"","sfsi_plus_gutenburg_max_per_row":"","footnotes":""},"categories":[2],"tags":[],"class_list":["post-108416","post","type-post","status-publish","format-standard","has-post-thumbnail","hentry","category-geral"],"_links":{"self":[{"href":"https:\/\/www.caririemacao.com\/1\/wp-json\/wp\/v2\/posts\/108416","targetHints":{"allow":["GET"]}}],"collection":[{"href":"https:\/\/www.caririemacao.com\/1\/wp-json\/wp\/v2\/posts"}],"about":[{"href":"https:\/\/www.caririemacao.com\/1\/wp-json\/wp\/v2\/types\/post"}],"author":[{"embeddable":true,"href":"https:\/\/www.caririemacao.com\/1\/wp-json\/wp\/v2\/users\/1"}],"replies":[{"embeddable":true,"href":"https:\/\/www.caririemacao.com\/1\/wp-json\/wp\/v2\/comments?post=108416"}],"version-history":[{"count":1,"href":"https:\/\/www.caririemacao.com\/1\/wp-json\/wp\/v2\/posts\/108416\/revisions"}],"predecessor-version":[{"id":108418,"href":"https:\/\/www.caririemacao.com\/1\/wp-json\/wp\/v2\/posts\/108416\/revisions\/108418"}],"wp:featuredmedia":[{"embeddable":true,"href":"https:\/\/www.caririemacao.com\/1\/wp-json\/wp\/v2\/media\/106135"}],"wp:attachment":[{"href":"https:\/\/www.caririemacao.com\/1\/wp-json\/wp\/v2\/media?parent=108416"}],"wp:term":[{"taxonomy":"category","embeddable":true,"href":"https:\/\/www.caririemacao.com\/1\/wp-json\/wp\/v2\/categories?post=108416"},{"taxonomy":"post_tag","embeddable":true,"href":"https:\/\/www.caririemacao.com\/1\/wp-json\/wp\/v2\/tags?post=108416"}],"curies":[{"name":"wp","href":"https:\/\/api.w.org\/{rel}","templated":true}]}}