{"id":108421,"date":"2019-08-03T11:00:59","date_gmt":"2019-08-03T14:00:59","guid":{"rendered":"http:\/\/www.caririemacao.com\/1\/?p=108421"},"modified":"2019-08-03T11:00:59","modified_gmt":"2019-08-03T14:00:59","slug":"definida-data-que-paraibana-larissa-pereira-apresentara-o-jornal-nacional-confira","status":"publish","type":"post","link":"https:\/\/www.caririemacao.com\/1\/2019\/08\/03\/definida-data-que-paraibana-larissa-pereira-apresentara-o-jornal-nacional-confira\/","title":{"rendered":"Definida data que paraibana Larissa Pereira apresentar\u00e1 o Jornal Nacional; confira"},"content":{"rendered":"\n<p>&nbsp;jornalista paraibana&nbsp;<a href=\"https:\/\/www.wscom.com.br\/larissa-pereira-sera-a-primeira-paraibana-a-apresentar-o-jornal-nacional-da-tv-globo\/\" target=\"_blank\" rel=\"noreferrer noopener\">Larissa Pereira<\/a>j\u00e1 tem data para apresentar o Jornal Nacional, da Tv Globo. Atual apresentadora do JPB2, ela ocupar\u00e1 a famosa bancada no dia 9 de novembro deste ano.<\/p>\n\n\n\n<p>&nbsp;Larissa vai dividir a bancada do Jornal com Matheus Ribeiro, que est\u00e1 a frente JA2, da TV Anhaguera, em Goi\u00e2nia \u2013 Go.PUBLICIDADE<\/p>\n\n\n\n\n\n\n\n<p>&nbsp;A Globo anunciou em julho os nomes dos apresentadores dos telejornais locais que estar\u00e3o no comando do Jornal Nacional aos s\u00e1bados, em esquema de rod\u00edzio, a gora est\u00e3o definidas as datas.<\/p>\n\n\n\n<p><em>Reda\u00e7\u00e3o com G1<\/em><ins><br><\/ins><\/p>\n","protected":false},"excerpt":{"rendered":"<p>&nbsp;jornalista paraibana&nbsp;Larissa Pereiraj\u00e1 tem data para apresentar o Jornal Nacional, da Tv Globo. Atual apresentadora do JPB2, ela ocupar\u00e1 a famosa bancada no dia 9&hellip; <\/p>\n","protected":false},"author":1,"featured_media":106688,"comment_status":"closed","ping_status":"closed","sticky":false,"template":"","format":"standard","meta":{"sfsi_plus_gutenberg_text_before_share":"","sfsi_plus_gutenberg_show_text_before_share":"","sfsi_plus_gutenberg_icon_type":"","sfsi_plus_gutenberg_icon_alignemt":"","sfsi_plus_gutenburg_max_per_row":"","footnotes":""},"categories":[2],"tags":[],"class_list":["post-108421","post","type-post","status-publish","format-standard","has-post-thumbnail","hentry","category-geral"],"_links":{"self":[{"href":"https:\/\/www.caririemacao.com\/1\/wp-json\/wp\/v2\/posts\/108421","targetHints":{"allow":["GET"]}}],"collection":[{"href":"https:\/\/www.caririemacao.com\/1\/wp-json\/wp\/v2\/posts"}],"about":[{"href":"https:\/\/www.caririemacao.com\/1\/wp-json\/wp\/v2\/types\/post"}],"author":[{"embeddable":true,"href":"https:\/\/www.caririemacao.com\/1\/wp-json\/wp\/v2\/users\/1"}],"replies":[{"embeddable":true,"href":"https:\/\/www.caririemacao.com\/1\/wp-json\/wp\/v2\/comments?post=108421"}],"version-history":[{"count":1,"href":"https:\/\/www.caririemacao.com\/1\/wp-json\/wp\/v2\/posts\/108421\/revisions"}],"predecessor-version":[{"id":108423,"href":"https:\/\/www.caririemacao.com\/1\/wp-json\/wp\/v2\/posts\/108421\/revisions\/108423"}],"wp:featuredmedia":[{"embeddable":true,"href":"https:\/\/www.caririemacao.com\/1\/wp-json\/wp\/v2\/media\/106688"}],"wp:attachment":[{"href":"https:\/\/www.caririemacao.com\/1\/wp-json\/wp\/v2\/media?parent=108421"}],"wp:term":[{"taxonomy":"category","embeddable":true,"href":"https:\/\/www.caririemacao.com\/1\/wp-json\/wp\/v2\/categories?post=108421"},{"taxonomy":"post_tag","embeddable":true,"href":"https:\/\/www.caririemacao.com\/1\/wp-json\/wp\/v2\/tags?post=108421"}],"curies":[{"name":"wp","href":"https:\/\/api.w.org\/{rel}","templated":true}]}}