{"id":108427,"date":"2019-08-03T11:30:48","date_gmt":"2019-08-03T14:30:48","guid":{"rendered":"http:\/\/www.caririemacao.com\/1\/?p=108427"},"modified":"2019-08-03T11:30:48","modified_gmt":"2019-08-03T14:30:48","slug":"empresarios-investigados-por-desvios-na-verba-da-merenda-em-campina-grande-tem-prisao-mantida","status":"publish","type":"post","link":"https:\/\/www.caririemacao.com\/1\/2019\/08\/03\/empresarios-investigados-por-desvios-na-verba-da-merenda-em-campina-grande-tem-prisao-mantida\/","title":{"rendered":"Empres\u00e1rios investigados por desvios na verba da merenda em Campina Grande t\u00eam pris\u00e3o mantida"},"content":{"rendered":"\n<p>&nbsp;Seis empres\u00e1rios investigados na<a href=\"https:\/\/www.wscom.com.br\/apos-operacao-prefeitos-da-regiao-de-monteiro-devem\/\" target=\"_blank\" rel=\"noreferrer noopener\">Opera\u00e7\u00e3o Famintos<\/a>&nbsp;tiveram as pris\u00f5es preventivas decretas ontem (2) pela 4\u00aa Vara da Justi\u00e7a Federal em Campina Grande. Eles estavam presos desde o dia 24 deste m\u00eas.<\/p>\n\n\n\n<p>&nbsp;Permanecer\u00e3o presos os empres\u00e1rios Frederico Brito Lira, Luis Carlos Ferreira de Brito Lira, Fl\u00e1vio Souza Maia, Severino Roberto Maia de Miranda, K\u00e1tia Su\u00eania Macedo Maia e Marco Ant\u00f4nio Querino da Silva. Na decis\u00e3o, o juiz Vinicius Costa Vidor apontou a necessidade de garantir a origem p\u00fablica e os ind\u00edcios de crimes. Os demais presos na opera\u00e7\u00e3o foram liberados.<\/p>\n\n\n\n<h2 class=\"wp-block-heading\">Opera\u00e7\u00e3o<\/h2>\n\n\n\n<p>&nbsp;A investiga\u00e7\u00e3o que resultou na Opera\u00e7\u00e3o&nbsp;Famintos&nbsp;iniciou-se no \u00e2mbito do Minist\u00e9rio P\u00fablico Federal a partir de not\u00edcia de fato prosseguiu por meio de inqu\u00e9rito. De acordo com o que foi apurado at\u00e9 ent\u00e3o, pelo menos desde 2013 a organiza\u00e7\u00e3o criminosa criou uma rede de pessoas jur\u00eddicas de fachada para participar de procedimentos licitat\u00f3rios em v\u00e1rios munic\u00edpios do estado, principalmente em Campina Grande.<\/p>\n\n\n\n<p>\u201cInicialmente, os empres\u00e1rios abrem uma pessoa jur\u00eddica em nome de um \u00b4laranja\u00b4 ou at\u00e9 mesmo de uma pessoa f\u00edsica inexistente e, por meio de procura\u00e7\u00f5es para si ou para terceiros, come\u00e7am a represent\u00e1-las em licita\u00e7\u00f5es, quase sempre concorrendo unicamente entre si. Por sua vez, os agentes p\u00fablicos do Munic\u00edpio de Campina Grande envolvidos com a organiza\u00e7\u00e3o criminosa conduzem os procedimentos licitat\u00f3rios de modo a restringir o n\u00famero de empresas interessadas e facilitar a vit\u00f3ria das pessoas jur\u00eddicas utilizadas pelo grupo. Para completar a fraude, as licita\u00e7\u00f5es para compra de merenda escolar em Campina Grande s\u00e3o elaboradas com objetos gen\u00e9ricos e imprecisos, de forma a dificultar a fiscaliza\u00e7\u00e3o da execu\u00e7\u00e3o dos respectivos contratos, propiciando pagamentos irregulares em benef\u00edcio do grupo\u201d, explicou a procuradora do MPF, Ac\u00e1cia Suassuna.<\/p>\n\n\n\n<p><em>Portal WSCOM<\/em><ins><\/ins><br><\/p>\n","protected":false},"excerpt":{"rendered":"<p>&nbsp;Seis empres\u00e1rios investigados naOpera\u00e7\u00e3o Famintos&nbsp;tiveram as pris\u00f5es preventivas decretas ontem (2) pela 4\u00aa Vara da Justi\u00e7a Federal em Campina Grande. Eles estavam presos desde o&hellip; <\/p>\n","protected":false},"author":1,"featured_media":22488,"comment_status":"closed","ping_status":"closed","sticky":false,"template":"","format":"standard","meta":{"sfsi_plus_gutenberg_text_before_share":"","sfsi_plus_gutenberg_show_text_before_share":"","sfsi_plus_gutenberg_icon_type":"","sfsi_plus_gutenberg_icon_alignemt":"","sfsi_plus_gutenburg_max_per_row":"","footnotes":""},"categories":[50,2],"tags":[],"class_list":["post-108427","post","type-post","status-publish","format-standard","has-post-thumbnail","hentry","category-destaque","category-geral"],"_links":{"self":[{"href":"https:\/\/www.caririemacao.com\/1\/wp-json\/wp\/v2\/posts\/108427","targetHints":{"allow":["GET"]}}],"collection":[{"href":"https:\/\/www.caririemacao.com\/1\/wp-json\/wp\/v2\/posts"}],"about":[{"href":"https:\/\/www.caririemacao.com\/1\/wp-json\/wp\/v2\/types\/post"}],"author":[{"embeddable":true,"href":"https:\/\/www.caririemacao.com\/1\/wp-json\/wp\/v2\/users\/1"}],"replies":[{"embeddable":true,"href":"https:\/\/www.caririemacao.com\/1\/wp-json\/wp\/v2\/comments?post=108427"}],"version-history":[{"count":1,"href":"https:\/\/www.caririemacao.com\/1\/wp-json\/wp\/v2\/posts\/108427\/revisions"}],"predecessor-version":[{"id":108429,"href":"https:\/\/www.caririemacao.com\/1\/wp-json\/wp\/v2\/posts\/108427\/revisions\/108429"}],"wp:featuredmedia":[{"embeddable":true,"href":"https:\/\/www.caririemacao.com\/1\/wp-json\/wp\/v2\/media\/22488"}],"wp:attachment":[{"href":"https:\/\/www.caririemacao.com\/1\/wp-json\/wp\/v2\/media?parent=108427"}],"wp:term":[{"taxonomy":"category","embeddable":true,"href":"https:\/\/www.caririemacao.com\/1\/wp-json\/wp\/v2\/categories?post=108427"},{"taxonomy":"post_tag","embeddable":true,"href":"https:\/\/www.caririemacao.com\/1\/wp-json\/wp\/v2\/tags?post=108427"}],"curies":[{"name":"wp","href":"https:\/\/api.w.org\/{rel}","templated":true}]}}