{"id":108433,"date":"2019-08-03T11:32:55","date_gmt":"2019-08-03T14:32:55","guid":{"rendered":"http:\/\/www.caririemacao.com\/1\/?p=108433"},"modified":"2019-08-03T11:32:55","modified_gmt":"2019-08-03T14:32:55","slug":"ministro-do-stf-sobre-mensagens-da-lava-jato-fofocada-produzida-por-criminosos","status":"publish","type":"post","link":"https:\/\/www.caririemacao.com\/1\/2019\/08\/03\/ministro-do-stf-sobre-mensagens-da-lava-jato-fofocada-produzida-por-criminosos\/","title":{"rendered":"Ministro do STF sobre mensagens da Lava Jato: \u201cFofocada produzida por criminosos\u201d"},"content":{"rendered":"\n<p>O ministro do STF (Supremo Tribunal Federal) Lu\u00eds Roberto Barroso minimizou as mensagens vazadas da Lava Jato que v\u00eam sendo publicados pelo site The Intercept Brasil desde junho.<\/p>\n\n\n\n<p>Para ele, \u201c\u00e9 dif\u00edcil entender a euforia que tomou muitos setores da sociedade diante dessa fofocada produzida por criminosos\u201d.<\/p>\n\n\n\n<p>A declara\u00e7\u00e3o foi dada durante uma palestra em S\u00e3o Jos\u00e9 dos Campos (SP), nesta sexta-feira (2). Ele participava de um evento da Associa\u00e7\u00e3o Comercial e Industrial da cidade.<\/p>\n\n\n\n<p>Barroso disse que \u00e9 preciso estar atento, \u201cporque parte da agenda brasileira hoje foi sequestrada por criminosos\u201d. Afirmou ainda que considera impressionante a quantidade de pessoas que est\u00e3o \u201ceuf\u00f3ricas\u201d com os hackers, \u201ccelebrando o crime\u201d.<\/p>\n\n\n\n<p>Al\u00e9m das manifesta\u00e7\u00f5es sobre o ataque virtual, o ministro opinou sobre o conte\u00fado das mensagens. Segundo ele, \u201ch\u00e1 mais fofocas do que fatos relevantes, apesar do esfor\u00e7o de se maximizarem esses fatos\u201d.<\/p>\n\n\n\n<p>\u201cNada encobre o fato de que a Petrobras foi devastada pela corrup\u00e7\u00e3o. N\u00e3o importa o que tenha, n\u00e3o importa o que saia nas grava\u00e7\u00f5es (\u2026). Nada encobre a corrup\u00e7\u00e3o sist\u00eamica, estrutural e institucionalizada que houve no Brasil\u201d, afirmou o ministro, em uma defesa da Lava Jato que foi aplaudida pelos presentes.<\/p>\n\n\n\n<p>O Intercept publicou as primeiras conversas no dia 9 de junho. O site informou, na \u00e9poca, que obteve o material de uma fonte an\u00f4nima, que pediu sigilo. O pacote inclui mensagens privadas e de grupos da for\u00e7a-tarefa da Opera\u00e7\u00e3o Lava Jato em Curitiba, no aplicativo Telegram, a partir de 2015.<\/p>\n\n\n\n<p>Outros ve\u00edculos t\u00eam publicado reportagens baseadas nos di\u00e1logos, dentre eles a Folha de S.Paulo.<\/p>\n\n\n\n<p>As conversas revelam que Moro chegou a sugerir ao MPF (Minist\u00e9rio P\u00fablico Federal) trocar a ordem de fases da Lava Jato, cobrou a realiza\u00e7\u00e3o de novas opera\u00e7\u00f5es, deu conselhos e pistas e antecipou ao menos uma decis\u00e3o judicial.<\/p>\n\n\n\n<p>Segundo o C\u00f3digo de Processo Penal, \u201co juiz dar-se-\u00e1 por suspeito, e, se n\u00e3o o fizer, poder\u00e1 ser recusado por qualquer das partes\u201d se \u201ctiver aconselhado qualquer das partes\u201d. Afirma ainda que senten\u00e7as proferidas por ju\u00edzes suspeitos podem ser anuladas.<\/p>\n\n\n\n<p>J\u00e1 o C\u00f3digo de \u00c9tica da Magistratura diz que \u201co magistrado imparcial\u201d \u00e9 aquele que mant\u00e9m \u201cao longo de todo o processo uma dist\u00e2ncia equivalente das partes e evita todo o tipo de comportamento que possa refletir favoritismo, predisposi\u00e7\u00e3o ou preconceito\u201d.<\/p>\n\n\n\n<p>Moro tem repetido que n\u00e3o reconhece a autenticidade das mensagens, mas que, se verdadeiras, n\u00e3o cont\u00e9m ilegalidades.<\/p>\n\n\n\n<p>No dia 23 de julho, quatro pessoas foram presas sob suspeita de hackear as contas do Telegram de autoridades.<\/p>\n\n\n\n<p>Walter Delgatti Neto, um dos suspeitos,&nbsp;disse em depoimento&nbsp;\u00e0 Pol\u00edcia Federal&nbsp;que as mensagens que obteve foram encaminhadas de forma an\u00f4nima, volunt\u00e1ria e sem cobran\u00e7a ao jornalista Glenn Greenwald, do site The Intercept Brasil.<\/p>\n","protected":false},"excerpt":{"rendered":"<p>O ministro do STF (Supremo Tribunal Federal) Lu\u00eds Roberto Barroso minimizou as mensagens vazadas da Lava Jato que v\u00eam sendo publicados pelo site The Intercept&hellip; <\/p>\n","protected":false},"author":1,"featured_media":108434,"comment_status":"closed","ping_status":"closed","sticky":false,"template":"","format":"standard","meta":{"sfsi_plus_gutenberg_text_before_share":"","sfsi_plus_gutenberg_show_text_before_share":"","sfsi_plus_gutenberg_icon_type":"","sfsi_plus_gutenberg_icon_alignemt":"","sfsi_plus_gutenburg_max_per_row":"","footnotes":""},"categories":[11],"tags":[],"class_list":["post-108433","post","type-post","status-publish","format-standard","has-post-thumbnail","hentry","category-politica"],"_links":{"self":[{"href":"https:\/\/www.caririemacao.com\/1\/wp-json\/wp\/v2\/posts\/108433","targetHints":{"allow":["GET"]}}],"collection":[{"href":"https:\/\/www.caririemacao.com\/1\/wp-json\/wp\/v2\/posts"}],"about":[{"href":"https:\/\/www.caririemacao.com\/1\/wp-json\/wp\/v2\/types\/post"}],"author":[{"embeddable":true,"href":"https:\/\/www.caririemacao.com\/1\/wp-json\/wp\/v2\/users\/1"}],"replies":[{"embeddable":true,"href":"https:\/\/www.caririemacao.com\/1\/wp-json\/wp\/v2\/comments?post=108433"}],"version-history":[{"count":1,"href":"https:\/\/www.caririemacao.com\/1\/wp-json\/wp\/v2\/posts\/108433\/revisions"}],"predecessor-version":[{"id":108435,"href":"https:\/\/www.caririemacao.com\/1\/wp-json\/wp\/v2\/posts\/108433\/revisions\/108435"}],"wp:featuredmedia":[{"embeddable":true,"href":"https:\/\/www.caririemacao.com\/1\/wp-json\/wp\/v2\/media\/108434"}],"wp:attachment":[{"href":"https:\/\/www.caririemacao.com\/1\/wp-json\/wp\/v2\/media?parent=108433"}],"wp:term":[{"taxonomy":"category","embeddable":true,"href":"https:\/\/www.caririemacao.com\/1\/wp-json\/wp\/v2\/categories?post=108433"},{"taxonomy":"post_tag","embeddable":true,"href":"https:\/\/www.caririemacao.com\/1\/wp-json\/wp\/v2\/tags?post=108433"}],"curies":[{"name":"wp","href":"https:\/\/api.w.org\/{rel}","templated":true}]}}