{"id":108438,"date":"2019-08-03T11:35:09","date_gmt":"2019-08-03T14:35:09","guid":{"rendered":"http:\/\/www.caririemacao.com\/1\/?p=108438"},"modified":"2019-08-03T11:35:09","modified_gmt":"2019-08-03T14:35:09","slug":"treze-segue-viagem-para-o-maranhao-sem-dois-titulares-importantes","status":"publish","type":"post","link":"https:\/\/www.caririemacao.com\/1\/2019\/08\/03\/treze-segue-viagem-para-o-maranhao-sem-dois-titulares-importantes\/","title":{"rendered":"Treze segue viagem para o Maranh\u00e3o sem dois titulares importantes"},"content":{"rendered":"\n<p><br>Com dois desfalques importantes, a delega\u00e7\u00e3o do Treze embarcou na tarde desta sexta-feira (02) para S\u00e3o Lu\u00eds-MA, onde encara o Sampaio Corr\u00eaa, pela 15\u00aa do Grupo A da S\u00e9rie C.<\/p>\n\n\n\n<p>A partida est\u00e1 marcada para as 18h de domingo (04). E o t\u00e9cnico Kleber Romero n\u00e3o vai poder contar com o goleiro Mauro Iguatu (foto) e o meia Bismarck, ambos titulares.<\/p>\n\n\n\n<figure class=\"wp-block-image\"><img decoding=\"async\" data-src=\"https:\/\/paraibaonline.com.br\/wp-content\/uploads\/2019\/08\/MauroIguatu.jpg\" alt=\"\" class=\"wp-image-755753 lazyload\" src=\"data:image\/svg+xml;base64,PHN2ZyB3aWR0aD0iMSIgaGVpZ2h0PSIxIiB4bWxucz0iaHR0cDovL3d3dy53My5vcmcvMjAwMC9zdmciPjwvc3ZnPg==\" \/><\/figure>\n\n\n\n<p>Foto: Divulga\u00e7\u00e3o<\/p>\n\n\n\n<p>No caso do arqueiro, uma les\u00e3o no quadril o deixou fora dos treinos desde quarta-feira. Nesta sexta ele foi submetido a exames e consequentemente vetado pelo Departamento M\u00e9dico. Paulo Wanzeler ser\u00e1 seu substituto.<\/p>\n\n\n\n<p>J\u00e1 o meia Bismarck, segundo a assessoria de imprensa alvinegra, foi liberado pela diretoria para resolver problemas particulares. Para essa lacuna, Kleber Romero deve escalar Marcelinho Para\u00edba novamente com a camisa 10.<\/p>\n\n\n\n<p>O Treze tem 12 pontos e ocupa a nona coloca\u00e7\u00e3o da chave. Para sair da zona de rebaixamento nessa rodada, o time do bairro de S\u00e3o Jos\u00e9 precisa vencer o Sampaio e torcer por um trope\u00e7o do Globo-RN, que recebe o N\u00e1utico, na segunda-feira (05), em Cear\u00e1-Mirim.<\/p>\n","protected":false},"excerpt":{"rendered":"<p>Com dois desfalques importantes, a delega\u00e7\u00e3o do Treze embarcou na tarde desta sexta-feira (02) para S\u00e3o Lu\u00eds-MA, onde encara o Sampaio Corr\u00eaa, pela 15\u00aa do&hellip; <\/p>\n","protected":false},"author":1,"featured_media":108439,"comment_status":"closed","ping_status":"closed","sticky":false,"template":"","format":"standard","meta":{"sfsi_plus_gutenberg_text_before_share":"","sfsi_plus_gutenberg_show_text_before_share":"","sfsi_plus_gutenberg_icon_type":"","sfsi_plus_gutenberg_icon_alignemt":"","sfsi_plus_gutenburg_max_per_row":"","footnotes":""},"categories":[13],"tags":[],"class_list":["post-108438","post","type-post","status-publish","format-standard","has-post-thumbnail","hentry","category-esportes"],"_links":{"self":[{"href":"https:\/\/www.caririemacao.com\/1\/wp-json\/wp\/v2\/posts\/108438","targetHints":{"allow":["GET"]}}],"collection":[{"href":"https:\/\/www.caririemacao.com\/1\/wp-json\/wp\/v2\/posts"}],"about":[{"href":"https:\/\/www.caririemacao.com\/1\/wp-json\/wp\/v2\/types\/post"}],"author":[{"embeddable":true,"href":"https:\/\/www.caririemacao.com\/1\/wp-json\/wp\/v2\/users\/1"}],"replies":[{"embeddable":true,"href":"https:\/\/www.caririemacao.com\/1\/wp-json\/wp\/v2\/comments?post=108438"}],"version-history":[{"count":1,"href":"https:\/\/www.caririemacao.com\/1\/wp-json\/wp\/v2\/posts\/108438\/revisions"}],"predecessor-version":[{"id":108440,"href":"https:\/\/www.caririemacao.com\/1\/wp-json\/wp\/v2\/posts\/108438\/revisions\/108440"}],"wp:featuredmedia":[{"embeddable":true,"href":"https:\/\/www.caririemacao.com\/1\/wp-json\/wp\/v2\/media\/108439"}],"wp:attachment":[{"href":"https:\/\/www.caririemacao.com\/1\/wp-json\/wp\/v2\/media?parent=108438"}],"wp:term":[{"taxonomy":"category","embeddable":true,"href":"https:\/\/www.caririemacao.com\/1\/wp-json\/wp\/v2\/categories?post=108438"},{"taxonomy":"post_tag","embeddable":true,"href":"https:\/\/www.caririemacao.com\/1\/wp-json\/wp\/v2\/tags?post=108438"}],"curies":[{"name":"wp","href":"https:\/\/api.w.org\/{rel}","templated":true}]}}