{"id":108450,"date":"2019-08-03T11:39:10","date_gmt":"2019-08-03T14:39:10","guid":{"rendered":"http:\/\/www.caririemacao.com\/1\/?p=108450"},"modified":"2019-08-03T11:39:10","modified_gmt":"2019-08-03T14:39:10","slug":"prefeita-anna-lorena-tira-licenca-maternidade-e-vice-assume-cargo","status":"publish","type":"post","link":"https:\/\/www.caririemacao.com\/1\/2019\/08\/03\/prefeita-anna-lorena-tira-licenca-maternidade-e-vice-assume-cargo\/","title":{"rendered":"Prefeita Anna Lorena tira licen\u00e7a maternidade e vice assume cargo"},"content":{"rendered":"\n<p>A C\u00e2mara Municipal de Monteiro aprovou por unanimidade na \u00faltima quinta-feira (1), o Decreto Legislativo N\u00ba 460\/2019, que autoriza a Prefeita do munic\u00edpio, Anna Lorena, a se ausentar do munic\u00edpio no per\u00edodo de 05 de agosto de 2019 a 06 de setembro de 2019, para licen\u00e7a maternidade.<\/p>\n\n\n\n<p>O Decreto tamb\u00e9m autoriza o Vice-Prefeito Celecileno Alves, a assumir o cargo de Prefeito Municipal, pelo per\u00edodo de 05 de agosto a 06 de setembro.<\/p>\n\n\n\n<p>Atrav\u00e9s das redes sociais, a prefeita Anna Lorena anunciou o nascimento de sua filha, Luiza, com o empres\u00e1rio Felipe Lago, e disse que tem uma imensa confian\u00e7a no vice-prefeito Cel\u00e9 e em toda sua equipe na condu\u00e7\u00e3o da gest\u00e3o durante esse per\u00edodo de licen\u00e7a.<\/p>\n","protected":false},"excerpt":{"rendered":"<p>A C\u00e2mara Municipal de Monteiro aprovou por unanimidade na \u00faltima quinta-feira (1), o Decreto Legislativo N\u00ba 460\/2019, que autoriza a Prefeita do munic\u00edpio, Anna Lorena,&hellip; <\/p>\n","protected":false},"author":1,"featured_media":108451,"comment_status":"closed","ping_status":"closed","sticky":false,"template":"","format":"standard","meta":{"sfsi_plus_gutenberg_text_before_share":"","sfsi_plus_gutenberg_show_text_before_share":"","sfsi_plus_gutenberg_icon_type":"","sfsi_plus_gutenberg_icon_alignemt":"","sfsi_plus_gutenburg_max_per_row":"","footnotes":""},"categories":[6,50],"tags":[],"class_list":["post-108450","post","type-post","status-publish","format-standard","has-post-thumbnail","hentry","category-cidades","category-destaque"],"_links":{"self":[{"href":"https:\/\/www.caririemacao.com\/1\/wp-json\/wp\/v2\/posts\/108450","targetHints":{"allow":["GET"]}}],"collection":[{"href":"https:\/\/www.caririemacao.com\/1\/wp-json\/wp\/v2\/posts"}],"about":[{"href":"https:\/\/www.caririemacao.com\/1\/wp-json\/wp\/v2\/types\/post"}],"author":[{"embeddable":true,"href":"https:\/\/www.caririemacao.com\/1\/wp-json\/wp\/v2\/users\/1"}],"replies":[{"embeddable":true,"href":"https:\/\/www.caririemacao.com\/1\/wp-json\/wp\/v2\/comments?post=108450"}],"version-history":[{"count":1,"href":"https:\/\/www.caririemacao.com\/1\/wp-json\/wp\/v2\/posts\/108450\/revisions"}],"predecessor-version":[{"id":108452,"href":"https:\/\/www.caririemacao.com\/1\/wp-json\/wp\/v2\/posts\/108450\/revisions\/108452"}],"wp:featuredmedia":[{"embeddable":true,"href":"https:\/\/www.caririemacao.com\/1\/wp-json\/wp\/v2\/media\/108451"}],"wp:attachment":[{"href":"https:\/\/www.caririemacao.com\/1\/wp-json\/wp\/v2\/media?parent=108450"}],"wp:term":[{"taxonomy":"category","embeddable":true,"href":"https:\/\/www.caririemacao.com\/1\/wp-json\/wp\/v2\/categories?post=108450"},{"taxonomy":"post_tag","embeddable":true,"href":"https:\/\/www.caririemacao.com\/1\/wp-json\/wp\/v2\/tags?post=108450"}],"curies":[{"name":"wp","href":"https:\/\/api.w.org\/{rel}","templated":true}]}}