{"id":108456,"date":"2019-08-03T11:43:19","date_gmt":"2019-08-03T14:43:19","guid":{"rendered":"http:\/\/www.caririemacao.com\/1\/?p=108456"},"modified":"2019-08-03T11:43:19","modified_gmt":"2019-08-03T14:43:19","slug":"prefeito-adriano-wolff-lamenta-morte-de-ex-vereador-de-sao-sebastiao-do-umbuzeiro","status":"publish","type":"post","link":"https:\/\/www.caririemacao.com\/1\/2019\/08\/03\/prefeito-adriano-wolff-lamenta-morte-de-ex-vereador-de-sao-sebastiao-do-umbuzeiro\/","title":{"rendered":"Prefeito Adriano Wolff lamenta morte de ex-vereador de S\u00e3o Sebasti\u00e3o do Umbuzeiro"},"content":{"rendered":"\n<p>O Prefeito de S\u00e3o Sebasti\u00e3o do Umbuzeiro, Adriano Wolff, lamentou a morte do ex-vereador Miguel Teixeira, ocorrido na noite desta sexta-feira (2), em Recipe\/PE. Miguel era marido da ex-prefeita e defensora p\u00fablica F\u00e1tima Fernandes.<\/p>\n\n\n\n<p>\u201cNeste momento de dor quero me solidarizar com toda fam\u00edlia enlutada com a perda do nosso amigo Miguel, que prestou servi\u00e7os relevantes em nosso munic\u00edpio, e sem d\u00favidas deixou sua contribui\u00e7\u00e3o. Em nome da ex-prefeita F\u00e1tima quero abra\u00e7ar e desejar for\u00e7as a todos os familiares\u201d, disse Adriano Wolff.<\/p>\n\n\n\n<p>O corpo ser\u00e1 velado na C\u00e2mara Municipal da cidade a partir das 13h, e o seu sepultamento acontecer\u00e1 no Cemit\u00e9rio Local.<\/p>\n","protected":false},"excerpt":{"rendered":"<p>O Prefeito de S\u00e3o Sebasti\u00e3o do Umbuzeiro, Adriano Wolff, lamentou a morte do ex-vereador Miguel Teixeira, ocorrido na noite desta sexta-feira (2), em Recipe\/PE. Miguel&hellip; <\/p>\n","protected":false},"author":1,"featured_media":87263,"comment_status":"closed","ping_status":"closed","sticky":false,"template":"","format":"standard","meta":{"sfsi_plus_gutenberg_text_before_share":"","sfsi_plus_gutenberg_show_text_before_share":"","sfsi_plus_gutenberg_icon_type":"","sfsi_plus_gutenberg_icon_alignemt":"","sfsi_plus_gutenburg_max_per_row":"","footnotes":""},"categories":[2],"tags":[],"class_list":["post-108456","post","type-post","status-publish","format-standard","has-post-thumbnail","hentry","category-geral"],"_links":{"self":[{"href":"https:\/\/www.caririemacao.com\/1\/wp-json\/wp\/v2\/posts\/108456","targetHints":{"allow":["GET"]}}],"collection":[{"href":"https:\/\/www.caririemacao.com\/1\/wp-json\/wp\/v2\/posts"}],"about":[{"href":"https:\/\/www.caririemacao.com\/1\/wp-json\/wp\/v2\/types\/post"}],"author":[{"embeddable":true,"href":"https:\/\/www.caririemacao.com\/1\/wp-json\/wp\/v2\/users\/1"}],"replies":[{"embeddable":true,"href":"https:\/\/www.caririemacao.com\/1\/wp-json\/wp\/v2\/comments?post=108456"}],"version-history":[{"count":1,"href":"https:\/\/www.caririemacao.com\/1\/wp-json\/wp\/v2\/posts\/108456\/revisions"}],"predecessor-version":[{"id":108457,"href":"https:\/\/www.caririemacao.com\/1\/wp-json\/wp\/v2\/posts\/108456\/revisions\/108457"}],"wp:featuredmedia":[{"embeddable":true,"href":"https:\/\/www.caririemacao.com\/1\/wp-json\/wp\/v2\/media\/87263"}],"wp:attachment":[{"href":"https:\/\/www.caririemacao.com\/1\/wp-json\/wp\/v2\/media?parent=108456"}],"wp:term":[{"taxonomy":"category","embeddable":true,"href":"https:\/\/www.caririemacao.com\/1\/wp-json\/wp\/v2\/categories?post=108456"},{"taxonomy":"post_tag","embeddable":true,"href":"https:\/\/www.caririemacao.com\/1\/wp-json\/wp\/v2\/tags?post=108456"}],"curies":[{"name":"wp","href":"https:\/\/api.w.org\/{rel}","templated":true}]}}