{"id":108461,"date":"2019-08-03T11:46:40","date_gmt":"2019-08-03T14:46:40","guid":{"rendered":"http:\/\/www.caririemacao.com\/1\/?p=108461"},"modified":"2019-08-03T11:46:40","modified_gmt":"2019-08-03T14:46:40","slug":"crianca-de-12-anos-de-idade-comete-suicidio-na-zona-rual-de-lagoa-nova-rn","status":"publish","type":"post","link":"https:\/\/www.caririemacao.com\/1\/2019\/08\/03\/crianca-de-12-anos-de-idade-comete-suicidio-na-zona-rual-de-lagoa-nova-rn\/","title":{"rendered":"Crian\u00e7a de 12 anos de idade comete suic\u00eddio na zona rual de Lagoa Nova-RN"},"content":{"rendered":"\n<p>Um menino de 12 anos de idade a principio identificado por&nbsp;<strong>Mois\u00e9s<\/strong>, cometeu suic\u00eddio por meio de enforcamento no s\u00edtio&nbsp;<strong>Baixa Verde<\/strong>&nbsp;zona rural de&nbsp;<strong>Lagoa Nova RN<\/strong>, de acordo com a PM o garoto era viciado em jogos pela internet e vinha faltando aulas, os familiares preocupados com a depend\u00eancia da crian\u00e7a come\u00e7ou a mudar a senha de acesso a internet, o menino passou a ter um comportamento agressivo e de amea\u00e7as e na tarde desta sexta-feira (02) a crian\u00e7a cometeu o ato extremo.<\/p>\n","protected":false},"excerpt":{"rendered":"<p>Um menino de 12 anos de idade a principio identificado por&nbsp;Mois\u00e9s, cometeu suic\u00eddio por meio de enforcamento no s\u00edtio&nbsp;Baixa Verde&nbsp;zona rural de&nbsp;Lagoa Nova RN, de&hellip; <\/p>\n","protected":false},"author":1,"featured_media":108462,"comment_status":"closed","ping_status":"closed","sticky":false,"template":"","format":"standard","meta":{"sfsi_plus_gutenberg_text_before_share":"","sfsi_plus_gutenberg_show_text_before_share":"","sfsi_plus_gutenberg_icon_type":"","sfsi_plus_gutenberg_icon_alignemt":"","sfsi_plus_gutenburg_max_per_row":"","footnotes":""},"categories":[12],"tags":[],"class_list":["post-108461","post","type-post","status-publish","format-standard","has-post-thumbnail","hentry","category-policia"],"_links":{"self":[{"href":"https:\/\/www.caririemacao.com\/1\/wp-json\/wp\/v2\/posts\/108461","targetHints":{"allow":["GET"]}}],"collection":[{"href":"https:\/\/www.caririemacao.com\/1\/wp-json\/wp\/v2\/posts"}],"about":[{"href":"https:\/\/www.caririemacao.com\/1\/wp-json\/wp\/v2\/types\/post"}],"author":[{"embeddable":true,"href":"https:\/\/www.caririemacao.com\/1\/wp-json\/wp\/v2\/users\/1"}],"replies":[{"embeddable":true,"href":"https:\/\/www.caririemacao.com\/1\/wp-json\/wp\/v2\/comments?post=108461"}],"version-history":[{"count":1,"href":"https:\/\/www.caririemacao.com\/1\/wp-json\/wp\/v2\/posts\/108461\/revisions"}],"predecessor-version":[{"id":108463,"href":"https:\/\/www.caririemacao.com\/1\/wp-json\/wp\/v2\/posts\/108461\/revisions\/108463"}],"wp:featuredmedia":[{"embeddable":true,"href":"https:\/\/www.caririemacao.com\/1\/wp-json\/wp\/v2\/media\/108462"}],"wp:attachment":[{"href":"https:\/\/www.caririemacao.com\/1\/wp-json\/wp\/v2\/media?parent=108461"}],"wp:term":[{"taxonomy":"category","embeddable":true,"href":"https:\/\/www.caririemacao.com\/1\/wp-json\/wp\/v2\/categories?post=108461"},{"taxonomy":"post_tag","embeddable":true,"href":"https:\/\/www.caririemacao.com\/1\/wp-json\/wp\/v2\/tags?post=108461"}],"curies":[{"name":"wp","href":"https:\/\/api.w.org\/{rel}","templated":true}]}}