{"id":108469,"date":"2019-08-03T12:30:04","date_gmt":"2019-08-03T15:30:04","guid":{"rendered":"http:\/\/www.caririemacao.com\/1\/?p=108469"},"modified":"2019-08-03T12:30:04","modified_gmt":"2019-08-03T15:30:04","slug":"governador-joao-azevedo-destina-ambulancia-para-rede-hospitalar-de-cidade-do-cariri","status":"publish","type":"post","link":"https:\/\/www.caririemacao.com\/1\/2019\/08\/03\/governador-joao-azevedo-destina-ambulancia-para-rede-hospitalar-de-cidade-do-cariri\/","title":{"rendered":"Governador Jo\u00e3o Azev\u00eado destina ambul\u00e2ncia para rede hospitalar de cidade do Cariri"},"content":{"rendered":"\n<p>O governador Jo\u00e3o Azev\u00eado entregou, nesta sexta-feira (2), 18 ambul\u00e2ncias de suportes avan\u00e7ado e b\u00e1sico para a rede hospitalar estadual, totalizando investimentos na ordem de R$ 5,7 milh\u00f5es, que ir\u00e3o atender os munic\u00edpios de Jo\u00e3o Pessoa, Campina Grande, Patos, Itaporanga, Santa Luzia, Cajazeiras, Sousa, Itabaiana, Pombal, Pianc\u00f3, Picu\u00ed,&nbsp;<strong>Monteiro<\/strong>&nbsp;e Catol\u00e9 do Rocha. Com a entrega, a Para\u00edba dobra o n\u00famero de ambul\u00e2ncias de suporte avan\u00e7ado (UTI m\u00f3vel), passando de sete para 14. Na ocasi\u00e3o, tamb\u00e9m foi anunciado um pacote de investimentos em equipamentos para unidades hospitalares neste segundo semestre, que somam aproximadamente R$ 6 milh\u00f5es.<\/p>\n\n\n\n<p>O evento foi prestigiado pela vice-governadora L\u00edgia Feliciano, por deputados federais e estaduais e auxiliares do Governo da Para\u00edba, e aconteceu em frente ao Pal\u00e1cio da Reden\u00e7\u00e3o.<\/p>\n\n\n\n<div class=\"wp-block-image\"><figure class=\"alignright\"><img decoding=\"async\" data-src=\"http:\/\/deolhonocariri.com.br\/wp-content\/uploads\/2019\/08\/509e8c8e-170d-40dd-8142-fcfbd9b27922-600x428.jpeg\" alt=\"\" class=\"wp-image-69880 lazyload\" src=\"data:image\/svg+xml;base64,PHN2ZyB3aWR0aD0iMSIgaGVpZ2h0PSIxIiB4bWxucz0iaHR0cDovL3d3dy53My5vcmcvMjAwMC9zdmciPjwvc3ZnPg==\" style=\"--smush-placeholder-width: 600px; --smush-placeholder-aspect-ratio: 600\/428;\" \/><\/figure><\/div>\n\n\n\n<p>Na oportunidade, o governador Jo\u00e3o Azev\u00eado destacou o esfor\u00e7o da gest\u00e3o estadual para assegurar investimentos na Sa\u00fade. \u201cEsses equipamentos fazem a diferen\u00e7a para cada paciente, que ter\u00e1 direito a uma transfer\u00eancia em condi\u00e7\u00f5es adequadas, com unidades equipadas, permitindo a assist\u00eancia ao longo do transporte. N\u00f3s vamos continuar avan\u00e7ando na pol\u00edtica de sa\u00fade, temos 33 hospitais estaduais, a exemplo do Hospital Metropolitano Dom Jos\u00e9 Maria Pires e os Hospitais de Trauma de Jo\u00e3o Pessoa e Campina Grande, que fazem com que a sa\u00fade receba, cada vez mais, investimentos constantes, garantindo qualifica\u00e7\u00e3o e a excel\u00eancia dos servi\u00e7os prestados \u00e0 popula\u00e7\u00e3o\u201d, frisou.<\/p>\n\n\n\n<p>Ele tamb\u00e9m comemorou a s\u00e9rie de a\u00e7\u00f5es promovidas pelo Governo do Estado ao longo da semana nas \u00e1reas de educa\u00e7\u00e3o, infraestrutura, seguran\u00e7a p\u00fablica e sa\u00fade. &nbsp;\u201cEsse \u00e9 um momento muito importante para um governo que n\u00e3o para, que tem uma agenda extremamente forte de inaugura\u00e7\u00f5es de obras, de assinaturas de ordens de servi\u00e7o e de continuidade de pol\u00edticas essenciais para a Para\u00edba. Esta semana foi extremamente positiva porque inauguramos uma grande Escola T\u00e9cnica e esgotamento sanit\u00e1rio, em Sousa, entregamos a reforma do Complexo Educacional Pedro Lins, em Mangabeira, participamos do 13\u00ba F\u00f3rum de Seguran\u00e7a P\u00fablica, um espa\u00e7o extremamente importante para discutir quest\u00f5es da seguran\u00e7a, e fechamos a semana com a\u00e7\u00f5es na \u00e1rea da sa\u00fade\u201d, completou.<\/p>\n\n\n\n<p>O secret\u00e1rio de Sa\u00fade, Geraldo Medeiros, afirmou que as novas ambul\u00e2ncias representam o trabalho da gest\u00e3o de interiorizar os servi\u00e7os da \u00e1rea. \u201cA contribui\u00e7\u00e3o desses equipamentos faz com que a assist\u00eancia \u00e0 sa\u00fade melhore e, associada \u00e0 distribui\u00e7\u00e3o de equipamentos hospitalares, as unidades de sa\u00fade se tornar\u00e3o mais resolutivas. N\u00f3s estamos agilizando processos de transfer\u00eancias e, consequentemente, salvando vidas\u201d, pontuou.<\/p>\n\n\n\n<p>A diretora do Hospital Clementino Fraga, Thais Matos, afirmou que a ambul\u00e2ncia ir\u00e1 melhorar a qualidade do atendimento e assegurar mais conforto aos pacientes. \u201cEssa UTI M\u00f3vel vai trazer mais efici\u00eancia no transporte intra-hospitalar dos nossos pacientes, como tamb\u00e9m no transporte para a realiza\u00e7\u00e3o de exames de alta complexidade\u201d, relatou.<\/p>\n\n\n\n<p>&nbsp;A diretora do Hospital Regional de Itaporanga, Iara Maysa, enalteceu mais um investimento na sa\u00fade. \u201cTeremos melhorias significativas com esse novo equipamento que vai beneficiar a popula\u00e7\u00e3o porque \u00e9 uma ambul\u00e2ncia nova, que dar\u00e1 mais agilidade nas transfer\u00eancias\u201d, disse.<\/p>\n\n\n\n<p>O diretor executivo do Hospital da Pol\u00edcia Militar General&nbsp;<em>Edson Ramalho<\/em>, coronel Almeida Martins, parabenizou a a\u00e7\u00e3o do governador Jo\u00e3o Azev\u00eado. \u201cO Hospital Edson Ramalho completa 50 anos em novembro e n\u00f3s estamos orgulhosos da capacidade do Governo, que vai al\u00e9m do que pensamos\u201d, falou.<\/p>\n","protected":false},"excerpt":{"rendered":"<p>O governador Jo\u00e3o Azev\u00eado entregou, nesta sexta-feira (2), 18 ambul\u00e2ncias de suportes avan\u00e7ado e b\u00e1sico para a rede hospitalar estadual, totalizando investimentos na ordem de&hellip; <\/p>\n","protected":false},"author":1,"featured_media":108470,"comment_status":"closed","ping_status":"closed","sticky":false,"template":"","format":"standard","meta":{"sfsi_plus_gutenberg_text_before_share":"","sfsi_plus_gutenberg_show_text_before_share":"","sfsi_plus_gutenberg_icon_type":"","sfsi_plus_gutenberg_icon_alignemt":"","sfsi_plus_gutenburg_max_per_row":"","footnotes":""},"categories":[50,2],"tags":[],"class_list":["post-108469","post","type-post","status-publish","format-standard","has-post-thumbnail","hentry","category-destaque","category-geral"],"_links":{"self":[{"href":"https:\/\/www.caririemacao.com\/1\/wp-json\/wp\/v2\/posts\/108469","targetHints":{"allow":["GET"]}}],"collection":[{"href":"https:\/\/www.caririemacao.com\/1\/wp-json\/wp\/v2\/posts"}],"about":[{"href":"https:\/\/www.caririemacao.com\/1\/wp-json\/wp\/v2\/types\/post"}],"author":[{"embeddable":true,"href":"https:\/\/www.caririemacao.com\/1\/wp-json\/wp\/v2\/users\/1"}],"replies":[{"embeddable":true,"href":"https:\/\/www.caririemacao.com\/1\/wp-json\/wp\/v2\/comments?post=108469"}],"version-history":[{"count":1,"href":"https:\/\/www.caririemacao.com\/1\/wp-json\/wp\/v2\/posts\/108469\/revisions"}],"predecessor-version":[{"id":108471,"href":"https:\/\/www.caririemacao.com\/1\/wp-json\/wp\/v2\/posts\/108469\/revisions\/108471"}],"wp:featuredmedia":[{"embeddable":true,"href":"https:\/\/www.caririemacao.com\/1\/wp-json\/wp\/v2\/media\/108470"}],"wp:attachment":[{"href":"https:\/\/www.caririemacao.com\/1\/wp-json\/wp\/v2\/media?parent=108469"}],"wp:term":[{"taxonomy":"category","embeddable":true,"href":"https:\/\/www.caririemacao.com\/1\/wp-json\/wp\/v2\/categories?post=108469"},{"taxonomy":"post_tag","embeddable":true,"href":"https:\/\/www.caririemacao.com\/1\/wp-json\/wp\/v2\/tags?post=108469"}],"curies":[{"name":"wp","href":"https:\/\/api.w.org\/{rel}","templated":true}]}}