{"id":108476,"date":"2019-08-03T13:42:03","date_gmt":"2019-08-03T16:42:03","guid":{"rendered":"http:\/\/www.caririemacao.com\/1\/?p=108476"},"modified":"2019-08-03T13:42:03","modified_gmt":"2019-08-03T16:42:03","slug":"juiz-concede-liminar-que-suspende-concurso-da-prefeitura-de-sertania","status":"publish","type":"post","link":"https:\/\/www.caririemacao.com\/1\/2019\/08\/03\/juiz-concede-liminar-que-suspende-concurso-da-prefeitura-de-sertania\/","title":{"rendered":"Juiz Concede Liminar que suspende concurso da Prefeitura de Sert\u00e2nia"},"content":{"rendered":"\n<p>A a\u00e7\u00e3o popular movida em face do concurso da prefeitura municipal de Sert\u00e2nia Requereu o autor que fosse concedido liminar para a suspens\u00e3o do concurso a fim de que fossem realizadas altera\u00e7\u00f5es no edital, especificamente: a) incluir as fases de exames m\u00e9dicos, exame psicol\u00f3gico e investiga\u00e7\u00e3o social, nos termos do art. 10 da Lei 13.022\/2014; b) excluir a exig\u00eancia de Carteira Nacional de Habilita\u00e7\u00e3o (categoria AB); c) estipular regras diferenciadas entre homens e mulheres nos testes f\u00edsicos, quanto ao modo de execu\u00e7\u00e3o, par\u00e2metros e tempo, em observ\u00e2ncia ao princ\u00edpio constitucional da isonomia e razoabilidade.<\/p>\n\n\n\n<p>O Juiz Dr. Rodrigo Barros Tomaz do Nascimento, da 1\u00aa Vara da Comarca de Sert\u00e2nia suspendeu o concurso p\u00fablico da Prefeitura de Sert\u00e2nia, determinando retifica\u00e7\u00f5es no edital do certame, quanto ao cargo de guarda municipal, a fim de incluir a fase de investiga\u00e7\u00e3o social e proceder a modifica\u00e7\u00f5es nos testes f\u00edsicos.&nbsp;<\/p>\n\n\n\n<div class=\"wp-block-image\"><figure class=\"aligncenter\"><a href=\"https:\/\/www.portaltvcariri.com.br\/?attachment_id=93124\"><img decoding=\"async\" data-src=\"https:\/\/i0.wp.com\/www.portaltvcariri.com.br\/wp-content\/uploads\/2019\/08\/liminar-suspende-concurso-da-prefeitura-de-sert%C3%A2nia.jpg?resize=696%2C600&amp;ssl=1\" alt=\"liminar suspende concurso da prefeitura de sert\u00e2nia\" class=\"wp-image-93124 lazyload\" src=\"data:image\/svg+xml;base64,PHN2ZyB3aWR0aD0iMSIgaGVpZ2h0PSIxIiB4bWxucz0iaHR0cDovL3d3dy53My5vcmcvMjAwMC9zdmciPjwvc3ZnPg==\" \/><\/a><\/figure><\/div>\n\n\n\n<p>Quanto \u00e0 realiza\u00e7\u00e3o dos testes f\u00edsicos, o edital prev\u00ea crit\u00e9rios de desempenho praticamente id\u00eanticos tanto para o sexo masculino como para o feminino, o que n\u00e3o \u00e9 compat\u00edvel com a isonomia constitucional, vez que, via de regra, a complei\u00e7\u00e3o f\u00edsica do homem \u00e9 mais robusta, forte e h\u00edgida em compara\u00e7\u00e3o a do sexo oposto, os testes f\u00edsicos estavam marcados para o pr\u00f3ximo dia 11.\u00a0<\/p>\n\n\n\n<p>Na referida decis\u00e3o tamb\u00e9m foi determinada a intima\u00e7\u00e3o do munic\u00edpio de Sert\u00e2nia para, no prazo de 10 (dez) dias, se manifestar a respeito das altera\u00e7\u00f5es no edital requeridas pelo autor.<\/p>\n\n\n\n<p>O Munic\u00edpio de Sert\u00e2nia, ao prestar informa\u00e7\u00f5es, alegou que est\u00e1 respeitando todos os princ\u00edpios constitucionais, incluindo razoabilidade e isonomia e que as provas f\u00edsicas est\u00e3o seguindo os padr\u00f5es estabelecidos pela banca organizadora em outros concursos por ela realizados.<\/p>\n\n\n\n<p>Entretanto, analisando o edital, \u00e9 poss\u00edvel ver que, em dois exerc\u00edcios (teste de execu\u00e7\u00e3o abdominal e teste de corrida de ir e vir) n\u00e3o existem regras diferenciadas para os sexos.<\/p>\n\n\n\n<p>Assim, neste momento de cogni\u00e7\u00e3o superficial e n\u00e3o exauriente, entendo por DEFERIR PARCIALMENTE o pedido liminar para SUSPENDER o prosseguimento do concurso objeto da presente a\u00e7\u00e3o no tocante \u00e0 sele\u00e7\u00e3o para compor \u00e0 guarda municipal, a fim de que sejam adequados os pontos referentes \u00e0 fase de investiga\u00e7\u00e3o social e a Num. 48359565 estipula\u00e7\u00e3o de regras diferenciadas entre homens e mulheres nos testes f\u00edsicos, quanto ao modo de execu\u00e7\u00e3o, par\u00e2metros e tempo, em observ\u00e2ncia ao princ\u00edpio constitucional da isonomia e razoabilidade.<\/p>\n","protected":false},"excerpt":{"rendered":"<p>A a\u00e7\u00e3o popular movida em face do concurso da prefeitura municipal de Sert\u00e2nia Requereu o autor que fosse concedido liminar para a suspens\u00e3o do concurso&hellip; <\/p>\n","protected":false},"author":1,"featured_media":108477,"comment_status":"closed","ping_status":"closed","sticky":false,"template":"","format":"standard","meta":{"sfsi_plus_gutenberg_text_before_share":"","sfsi_plus_gutenberg_show_text_before_share":"","sfsi_plus_gutenberg_icon_type":"","sfsi_plus_gutenberg_icon_alignemt":"","sfsi_plus_gutenburg_max_per_row":"","footnotes":""},"categories":[6,50],"tags":[],"class_list":["post-108476","post","type-post","status-publish","format-standard","has-post-thumbnail","hentry","category-cidades","category-destaque"],"_links":{"self":[{"href":"https:\/\/www.caririemacao.com\/1\/wp-json\/wp\/v2\/posts\/108476","targetHints":{"allow":["GET"]}}],"collection":[{"href":"https:\/\/www.caririemacao.com\/1\/wp-json\/wp\/v2\/posts"}],"about":[{"href":"https:\/\/www.caririemacao.com\/1\/wp-json\/wp\/v2\/types\/post"}],"author":[{"embeddable":true,"href":"https:\/\/www.caririemacao.com\/1\/wp-json\/wp\/v2\/users\/1"}],"replies":[{"embeddable":true,"href":"https:\/\/www.caririemacao.com\/1\/wp-json\/wp\/v2\/comments?post=108476"}],"version-history":[{"count":1,"href":"https:\/\/www.caririemacao.com\/1\/wp-json\/wp\/v2\/posts\/108476\/revisions"}],"predecessor-version":[{"id":108478,"href":"https:\/\/www.caririemacao.com\/1\/wp-json\/wp\/v2\/posts\/108476\/revisions\/108478"}],"wp:featuredmedia":[{"embeddable":true,"href":"https:\/\/www.caririemacao.com\/1\/wp-json\/wp\/v2\/media\/108477"}],"wp:attachment":[{"href":"https:\/\/www.caririemacao.com\/1\/wp-json\/wp\/v2\/media?parent=108476"}],"wp:term":[{"taxonomy":"category","embeddable":true,"href":"https:\/\/www.caririemacao.com\/1\/wp-json\/wp\/v2\/categories?post=108476"},{"taxonomy":"post_tag","embeddable":true,"href":"https:\/\/www.caririemacao.com\/1\/wp-json\/wp\/v2\/tags?post=108476"}],"curies":[{"name":"wp","href":"https:\/\/api.w.org\/{rel}","templated":true}]}}