{"id":108491,"date":"2019-08-03T14:48:55","date_gmt":"2019-08-03T17:48:55","guid":{"rendered":"http:\/\/www.caririemacao.com\/1\/?p=108491"},"modified":"2019-08-03T14:48:55","modified_gmt":"2019-08-03T17:48:55","slug":"caixa-economica-federal-reduz-operacoes-de-credito-no-nordeste","status":"publish","type":"post","link":"https:\/\/www.caririemacao.com\/1\/2019\/08\/03\/caixa-economica-federal-reduz-operacoes-de-credito-no-nordeste\/","title":{"rendered":"Caixa Econ\u00f4mica Federal reduz opera\u00e7\u00f5es de cr\u00e9dito no Nordeste"},"content":{"rendered":"\n<p>Reportagem do \u00b4Estad\u00e3o\u00b4 informa que a Caixa Econ\u00f4mica Federal reduziu a concess\u00e3o de novos empr\u00e9stimos para o Nordeste neste ano.<\/p>\n\n\n\n<p>Em 2019, at\u00e9 julho, o banco autorizou novos empr\u00e9stimos no valor de R$ 4 bilh\u00f5es para governadores e prefeitos de todo o Pa\u00eds.<\/p>\n\n\n\n<figure class=\"wp-block-image\"><img decoding=\"async\" data-src=\"https:\/\/paraibaonline.com.br\/wp-content\/uploads\/2019\/05\/caixa.jpg\" alt=\"\" class=\"wp-image-738381 lazyload\" src=\"data:image\/svg+xml;base64,PHN2ZyB3aWR0aD0iMSIgaGVpZ2h0PSIxIiB4bWxucz0iaHR0cDovL3d3dy53My5vcmcvMjAwMC9zdmciPjwvc3ZnPg==\" \/><\/figure>\n\n\n\n<p>Foto: Marcelo Camargo\/Ag\u00eancia Brasil<\/p>\n\n\n\n<p>Para o Nordeste, foram fechadas menos de dez opera\u00e7\u00f5es, que juntas totalizam R$ 89 milh\u00f5es, ou cerca de 2,2% do total \u2013 volume muito menor do que em anos anteriores.<\/p>\n\n\n\n<p>No ano passado, a regi\u00e3o recebeu R$ 1,3 bilh\u00e3o, o equivalente a 21,6% dos R$ 6 bilh\u00f5es fechados pela Caixa em opera\u00e7\u00f5es para governos regionais.<\/p>\n\n\n\n<p>Em 2017, o banco contratou R$ 7 bilh\u00f5es, dos quais R$ 1,3 bilh\u00e3o foi direcionado para governadores e prefeitos nordestinos (18,6% do total).<\/p>\n\n\n\n<p>A publica\u00e7\u00e3o destacou que segundo \u201cfontes do banco e da \u00e1rea econ\u00f4mica, a ordem para n\u00e3o contratar opera\u00e7\u00f5es para os Estados e munic\u00edpios do Nordeste veio do presidente Pedro Guimar\u00e3es (Caixa). Sob condi\u00e7\u00e3o de anonimato, elas confirmam que ouviram a orienta\u00e7\u00e3o em mais de uma ocasi\u00e3o\u201d.<\/p>\n\n\n\n<p>*fonte: estadao<\/p>\n","protected":false},"excerpt":{"rendered":"<p>Reportagem do \u00b4Estad\u00e3o\u00b4 informa que a Caixa Econ\u00f4mica Federal reduziu a concess\u00e3o de novos empr\u00e9stimos para o Nordeste neste ano. Em 2019, at\u00e9 julho, o&hellip; <\/p>\n","protected":false},"author":1,"featured_media":38116,"comment_status":"closed","ping_status":"closed","sticky":false,"template":"","format":"standard","meta":{"sfsi_plus_gutenberg_text_before_share":"","sfsi_plus_gutenberg_show_text_before_share":"","sfsi_plus_gutenberg_icon_type":"","sfsi_plus_gutenberg_icon_alignemt":"","sfsi_plus_gutenburg_max_per_row":"","footnotes":""},"categories":[2],"tags":[],"class_list":["post-108491","post","type-post","status-publish","format-standard","has-post-thumbnail","hentry","category-geral"],"_links":{"self":[{"href":"https:\/\/www.caririemacao.com\/1\/wp-json\/wp\/v2\/posts\/108491","targetHints":{"allow":["GET"]}}],"collection":[{"href":"https:\/\/www.caririemacao.com\/1\/wp-json\/wp\/v2\/posts"}],"about":[{"href":"https:\/\/www.caririemacao.com\/1\/wp-json\/wp\/v2\/types\/post"}],"author":[{"embeddable":true,"href":"https:\/\/www.caririemacao.com\/1\/wp-json\/wp\/v2\/users\/1"}],"replies":[{"embeddable":true,"href":"https:\/\/www.caririemacao.com\/1\/wp-json\/wp\/v2\/comments?post=108491"}],"version-history":[{"count":1,"href":"https:\/\/www.caririemacao.com\/1\/wp-json\/wp\/v2\/posts\/108491\/revisions"}],"predecessor-version":[{"id":108492,"href":"https:\/\/www.caririemacao.com\/1\/wp-json\/wp\/v2\/posts\/108491\/revisions\/108492"}],"wp:featuredmedia":[{"embeddable":true,"href":"https:\/\/www.caririemacao.com\/1\/wp-json\/wp\/v2\/media\/38116"}],"wp:attachment":[{"href":"https:\/\/www.caririemacao.com\/1\/wp-json\/wp\/v2\/media?parent=108491"}],"wp:term":[{"taxonomy":"category","embeddable":true,"href":"https:\/\/www.caririemacao.com\/1\/wp-json\/wp\/v2\/categories?post=108491"},{"taxonomy":"post_tag","embeddable":true,"href":"https:\/\/www.caririemacao.com\/1\/wp-json\/wp\/v2\/tags?post=108491"}],"curies":[{"name":"wp","href":"https:\/\/api.w.org\/{rel}","templated":true}]}}