{"id":108495,"date":"2019-08-03T14:57:29","date_gmt":"2019-08-03T17:57:29","guid":{"rendered":"http:\/\/www.caririemacao.com\/1\/?p=108495"},"modified":"2019-08-03T14:57:29","modified_gmt":"2019-08-03T17:57:29","slug":"bolsonaro-anuncia-vinda-para-campina-grande","status":"publish","type":"post","link":"https:\/\/www.caririemacao.com\/1\/2019\/08\/03\/bolsonaro-anuncia-vinda-para-campina-grande\/","title":{"rendered":"Bolsonaro anuncia vinda para Campina Grande"},"content":{"rendered":"\n<p>O presidente Jair Bolsonaro (PSL) anunciou em \u2018live\u2019 no Facebook que estar\u00e1 em Campina Grande, em outubro, para inaugura\u00e7\u00e3o do Conjunto Habitacional Alu\u00edzio Campos.<\/p>\n\n\n\n<p>\u201cUm conjunto habitacional muito grande\u201d, destacou Bolsonaro, que aproveitou para mandar um abra\u00e7o ao prefeito da cidade, Romero Rodrigues (PSD).<\/p>\n\n\n\n<p>No \u00faltimo 19 de julho, momentos antes de uma coletiva com jornalistas estrangeiros, o presidente Jair Bolsonaro se envolveu em mais uma pol\u00eamica, desta vez com nordestinos, quando afirmou em conversa com o ministro da Casa Civil, \u00d4nix Lorenzoni, que \u201cdesses governadores de para\u00edba, o do Maranh\u00e3o \u00e9 o pior. N\u00e3o tem que ter nada com esse cara\u201d.<\/p>\n\n\n\n<p>O termo \u2018para\u00edba\u2019 usado de forma pejorativa causou forte repercuss\u00e3o na regi\u00e3o e indigna\u00e7\u00e3o dos nordestinos.<\/p>\n\n\n\n<p><strong>Veja v\u00eddeo<\/strong><\/p>\n\n\n\n<figure><iframe width=\"590\" height=\"345\" data-src=\"https:\/\/www.youtube.com\/embed\/MNFDYBeuABo?theme=light&amp;autohide=1&amp;showinfo=0;wmode=transparent;border=none;iv_load_policy=1;rel=0\" allowfullscreen=\"\" src=\"data:image\/svg+xml;base64,PHN2ZyB3aWR0aD0iMSIgaGVpZ2h0PSIxIiB4bWxucz0iaHR0cDovL3d3dy53My5vcmcvMjAwMC9zdmciPjwvc3ZnPg==\" class=\"lazyload\" data-load-mode=\"1\"><\/iframe><\/figure>\n\n\n\n<p><strong>MaisPB<\/strong><\/p>\n","protected":false},"excerpt":{"rendered":"<p>O presidente Jair Bolsonaro (PSL) anunciou em \u2018live\u2019 no Facebook que estar\u00e1 em Campina Grande, em outubro, para inaugura\u00e7\u00e3o do Conjunto Habitacional Alu\u00edzio Campos. \u201cUm&hellip; <\/p>\n","protected":false},"author":1,"featured_media":108496,"comment_status":"closed","ping_status":"closed","sticky":false,"template":"","format":"standard","meta":{"sfsi_plus_gutenberg_text_before_share":"","sfsi_plus_gutenberg_show_text_before_share":"","sfsi_plus_gutenberg_icon_type":"","sfsi_plus_gutenberg_icon_alignemt":"","sfsi_plus_gutenburg_max_per_row":"","footnotes":""},"categories":[11],"tags":[],"class_list":["post-108495","post","type-post","status-publish","format-standard","has-post-thumbnail","hentry","category-politica"],"_links":{"self":[{"href":"https:\/\/www.caririemacao.com\/1\/wp-json\/wp\/v2\/posts\/108495","targetHints":{"allow":["GET"]}}],"collection":[{"href":"https:\/\/www.caririemacao.com\/1\/wp-json\/wp\/v2\/posts"}],"about":[{"href":"https:\/\/www.caririemacao.com\/1\/wp-json\/wp\/v2\/types\/post"}],"author":[{"embeddable":true,"href":"https:\/\/www.caririemacao.com\/1\/wp-json\/wp\/v2\/users\/1"}],"replies":[{"embeddable":true,"href":"https:\/\/www.caririemacao.com\/1\/wp-json\/wp\/v2\/comments?post=108495"}],"version-history":[{"count":1,"href":"https:\/\/www.caririemacao.com\/1\/wp-json\/wp\/v2\/posts\/108495\/revisions"}],"predecessor-version":[{"id":108497,"href":"https:\/\/www.caririemacao.com\/1\/wp-json\/wp\/v2\/posts\/108495\/revisions\/108497"}],"wp:featuredmedia":[{"embeddable":true,"href":"https:\/\/www.caririemacao.com\/1\/wp-json\/wp\/v2\/media\/108496"}],"wp:attachment":[{"href":"https:\/\/www.caririemacao.com\/1\/wp-json\/wp\/v2\/media?parent=108495"}],"wp:term":[{"taxonomy":"category","embeddable":true,"href":"https:\/\/www.caririemacao.com\/1\/wp-json\/wp\/v2\/categories?post=108495"},{"taxonomy":"post_tag","embeddable":true,"href":"https:\/\/www.caririemacao.com\/1\/wp-json\/wp\/v2\/tags?post=108495"}],"curies":[{"name":"wp","href":"https:\/\/api.w.org\/{rel}","templated":true}]}}