{"id":108508,"date":"2019-08-04T09:02:40","date_gmt":"2019-08-04T12:02:40","guid":{"rendered":"http:\/\/www.caririemacao.com\/1\/?p=108508"},"modified":"2019-08-04T09:02:40","modified_gmt":"2019-08-04T12:02:40","slug":"ministro-do-supremo-critica-comportamento-de-bolsonaro","status":"publish","type":"post","link":"https:\/\/www.caririemacao.com\/1\/2019\/08\/04\/ministro-do-supremo-critica-comportamento-de-bolsonaro\/","title":{"rendered":"Ministro do Supremo critica comportamento de Bolsonaro"},"content":{"rendered":"\n<p>Vale a pena reproduzir uma declara\u00e7\u00e3o do mais antigo ministro do Supremo Tribunal Federal, Celso de Mello, esta semana, durante o julgamento no qual&nbsp;o plen\u00e1rio manteve, por unanimidade, a suspens\u00e3o de trechos de medida provis\u00f3ria que tirou da Funai a compet\u00eancia para demarcar terras ind\u00edgenas.<\/p>\n\n\n\n<p>\u201cO comportamento do atual presidente da Rep\u00fablica, revelado na reedi\u00e7\u00e3o de MP, clara e expressamente rejeitada, traduz uma clara e inaceit\u00e1vel transgress\u00e3o a autoridade suprema da Constitui\u00e7\u00e3o Federal. Uma inadmiss\u00edvel e perigosa transgress\u00e3o da separa\u00e7\u00e3o de poderes\u201d, cravou Celso.<\/p>\n","protected":false},"excerpt":{"rendered":"<p>Vale a pena reproduzir uma declara\u00e7\u00e3o do mais antigo ministro do Supremo Tribunal Federal, Celso de Mello, esta semana, durante o julgamento no qual&nbsp;o plen\u00e1rio&hellip; <\/p>\n","protected":false},"author":1,"featured_media":108509,"comment_status":"closed","ping_status":"closed","sticky":false,"template":"","format":"standard","meta":{"sfsi_plus_gutenberg_text_before_share":"","sfsi_plus_gutenberg_show_text_before_share":"","sfsi_plus_gutenberg_icon_type":"","sfsi_plus_gutenberg_icon_alignemt":"","sfsi_plus_gutenburg_max_per_row":"","footnotes":""},"categories":[11],"tags":[],"class_list":["post-108508","post","type-post","status-publish","format-standard","has-post-thumbnail","hentry","category-politica"],"_links":{"self":[{"href":"https:\/\/www.caririemacao.com\/1\/wp-json\/wp\/v2\/posts\/108508","targetHints":{"allow":["GET"]}}],"collection":[{"href":"https:\/\/www.caririemacao.com\/1\/wp-json\/wp\/v2\/posts"}],"about":[{"href":"https:\/\/www.caririemacao.com\/1\/wp-json\/wp\/v2\/types\/post"}],"author":[{"embeddable":true,"href":"https:\/\/www.caririemacao.com\/1\/wp-json\/wp\/v2\/users\/1"}],"replies":[{"embeddable":true,"href":"https:\/\/www.caririemacao.com\/1\/wp-json\/wp\/v2\/comments?post=108508"}],"version-history":[{"count":1,"href":"https:\/\/www.caririemacao.com\/1\/wp-json\/wp\/v2\/posts\/108508\/revisions"}],"predecessor-version":[{"id":108510,"href":"https:\/\/www.caririemacao.com\/1\/wp-json\/wp\/v2\/posts\/108508\/revisions\/108510"}],"wp:featuredmedia":[{"embeddable":true,"href":"https:\/\/www.caririemacao.com\/1\/wp-json\/wp\/v2\/media\/108509"}],"wp:attachment":[{"href":"https:\/\/www.caririemacao.com\/1\/wp-json\/wp\/v2\/media?parent=108508"}],"wp:term":[{"taxonomy":"category","embeddable":true,"href":"https:\/\/www.caririemacao.com\/1\/wp-json\/wp\/v2\/categories?post=108508"},{"taxonomy":"post_tag","embeddable":true,"href":"https:\/\/www.caririemacao.com\/1\/wp-json\/wp\/v2\/tags?post=108508"}],"curies":[{"name":"wp","href":"https:\/\/api.w.org\/{rel}","templated":true}]}}