{"id":108516,"date":"2019-08-04T09:06:07","date_gmt":"2019-08-04T12:06:07","guid":{"rendered":"http:\/\/www.caririemacao.com\/1\/?p=108516"},"modified":"2019-08-04T09:06:07","modified_gmt":"2019-08-04T12:06:07","slug":"traficante-preso-e-pego-tentando-fugir-da-cadeia-vestido-de-mulher-em-bangu","status":"publish","type":"post","link":"https:\/\/www.caririemacao.com\/1\/2019\/08\/04\/traficante-preso-e-pego-tentando-fugir-da-cadeia-vestido-de-mulher-em-bangu\/","title":{"rendered":"Traficante preso \u00e9 pego tentando fugir da cadeia vestido de mulher em Bangu"},"content":{"rendered":"\n<p>Um preso foi flagrado por agentes penitenci\u00e1rios tentando fugir do pres\u00eddio Gabriel Ferreira Castilho, conhecida como Bangu 3, vestido de mulher. Clauvino da Silva, conhecido como Ronca, traficante de Angra dos Reis, estava usando uma m\u00e1scara e roupas femininas. Ele tentou escapar no fim da visita deste s\u00e1bado no Complexo de Gericin\u00f3, mas foi pego pelos agentes na portaria da unidade.<\/p>\n\n\n\n<p>Clauvino, tamb\u00e9m conhecido como Baixinho, estava preso na galeria B7 de Bangu 3, que abriga os chefes da maior fac\u00e7\u00e3o criminosa do Rio. A filha dele, Ana Gabriele Leandro da Silva, \u00e9 suspeita de ter ajudado o pai na tentativa de fuga, segundo informa\u00e7\u00f5es da Seap. Ela estava na visita deste s\u00e1bado. Outras oito visitantes, uma delas gr\u00e1vida, tamb\u00e9m s\u00e3o suspeitas de terem auxiliado o criminoso.<\/p>\n\n\n\n<p>Ainda de acordo com informa\u00e7\u00f5es da Seap, a gr\u00e1vida foi a respons\u00e1vel por entrar com o material para que o preso se disfar\u00e7asse: m\u00e1scara, peruca e roupas. Todos os envolvidos est\u00e3o sendo encaminhados para a 35\u00aa DP (Campo Grande).<\/p>\n\n\n\n<p><strong>Traficante j\u00e1 havia tentado fugir<\/strong><\/p>\n\n\n\n<p>Clauvino tem 42 anos e \u00e9 condenado a 73 anos e 10 meses de pris\u00e3o. O traficante foi um dos 31 presos que fugiram pelo esgoto do Instituto Penal Vicente Piragibe, no Complexo de Gericin\u00f3, em fevereiro de 2013. Ele foi preso logo ap\u00f3s a fuga, em Angra dos Reis.<\/p>\n\n\n\n<p><em>Com Click PB<\/em><\/p>\n","protected":false},"excerpt":{"rendered":"<p>Um preso foi flagrado por agentes penitenci\u00e1rios tentando fugir do pres\u00eddio Gabriel Ferreira Castilho, conhecida como Bangu 3, vestido de mulher. Clauvino da Silva, conhecido&hellip; <\/p>\n","protected":false},"author":1,"featured_media":108517,"comment_status":"closed","ping_status":"closed","sticky":false,"template":"","format":"standard","meta":{"sfsi_plus_gutenberg_text_before_share":"","sfsi_plus_gutenberg_show_text_before_share":"","sfsi_plus_gutenberg_icon_type":"","sfsi_plus_gutenberg_icon_alignemt":"","sfsi_plus_gutenburg_max_per_row":"","footnotes":""},"categories":[50,12],"tags":[],"class_list":["post-108516","post","type-post","status-publish","format-standard","has-post-thumbnail","hentry","category-destaque","category-policia"],"_links":{"self":[{"href":"https:\/\/www.caririemacao.com\/1\/wp-json\/wp\/v2\/posts\/108516","targetHints":{"allow":["GET"]}}],"collection":[{"href":"https:\/\/www.caririemacao.com\/1\/wp-json\/wp\/v2\/posts"}],"about":[{"href":"https:\/\/www.caririemacao.com\/1\/wp-json\/wp\/v2\/types\/post"}],"author":[{"embeddable":true,"href":"https:\/\/www.caririemacao.com\/1\/wp-json\/wp\/v2\/users\/1"}],"replies":[{"embeddable":true,"href":"https:\/\/www.caririemacao.com\/1\/wp-json\/wp\/v2\/comments?post=108516"}],"version-history":[{"count":1,"href":"https:\/\/www.caririemacao.com\/1\/wp-json\/wp\/v2\/posts\/108516\/revisions"}],"predecessor-version":[{"id":108518,"href":"https:\/\/www.caririemacao.com\/1\/wp-json\/wp\/v2\/posts\/108516\/revisions\/108518"}],"wp:featuredmedia":[{"embeddable":true,"href":"https:\/\/www.caririemacao.com\/1\/wp-json\/wp\/v2\/media\/108517"}],"wp:attachment":[{"href":"https:\/\/www.caririemacao.com\/1\/wp-json\/wp\/v2\/media?parent=108516"}],"wp:term":[{"taxonomy":"category","embeddable":true,"href":"https:\/\/www.caririemacao.com\/1\/wp-json\/wp\/v2\/categories?post=108516"},{"taxonomy":"post_tag","embeddable":true,"href":"https:\/\/www.caririemacao.com\/1\/wp-json\/wp\/v2\/tags?post=108516"}],"curies":[{"name":"wp","href":"https:\/\/api.w.org\/{rel}","templated":true}]}}