{"id":108522,"date":"2019-08-04T09:10:34","date_gmt":"2019-08-04T12:10:34","guid":{"rendered":"http:\/\/www.caririemacao.com\/1\/?p=108522"},"modified":"2019-08-04T09:10:34","modified_gmt":"2019-08-04T12:10:34","slug":"prefeituras-inscrevem-a-partir-desta-quarta-para-concursos-e-selecoes-na-paraiba","status":"publish","type":"post","link":"https:\/\/www.caririemacao.com\/1\/2019\/08\/04\/prefeituras-inscrevem-a-partir-desta-quarta-para-concursos-e-selecoes-na-paraiba\/","title":{"rendered":"Prefeituras inscrevem a partir desta quarta para concursos e sele\u00e7\u00f5es na Para\u00edba"},"content":{"rendered":"\n<p>Quatro prefeituras come\u00e7am a inscrever a partir desta quarta-feira (7), para concursos e sele\u00e7\u00f5es na Para\u00edba. Ao todo s\u00e3o oferecidas 228&nbsp;vagas para as Prefeituras de Pianc\u00f3, Sum\u00e9,&nbsp;Borborema e S\u00e3o Jos\u00e9 dos Cordeiros, com sal\u00e1rios de at\u00e9 R$ 12.188.<\/p>\n\n\n\n<p>Os interessados devem se inscrever atrav\u00e9s do site da&nbsp;<a href=\"https:\/\/cpcon.uepb.edu.br\/\">empresa organizadora dos certames, a CPCON<\/a>.&nbsp;<\/p>\n\n\n\n<p><strong>Confira:<\/strong><\/p>\n\n\n\n<p><strong>Prefeitura de Borborema<\/strong><\/p>\n\n\n\n<p>A Prefeitura abre inscri\u00e7\u00f5es na pr\u00f3xima quarta-feira (7), para o processo seletivo com nove vagas&nbsp;&nbsp;para cargos de&nbsp;de n\u00edveis fundamental e superior. Os sal\u00e1rios variam de R$ 1.250 a R$ 1,9 mil.&nbsp;<\/p>\n\n\n\n<p>As inscri\u00e7\u00f5es devem ser feitas ate&nbsp;\u00e0s 23h59 do dia 4 de setembro. A taxa de inscri\u00e7\u00e3o custa R$ 65 para cargos de n\u00edvel fundamental e R$ 105 para cargos de n\u00edvel superior.<br><\/p>\n\n\n\n<p>As provas est\u00e3o previstas para acontecer no dia 20 de outubro.<\/p>\n\n\n\n<p><a href=\"https:\/\/www.clickpb.com.br\/media\/filer_public\/d6\/db\/d6db8974-5b59-4168-8d49-2803e02f7de5\/edital_normativo_borborema_pss_001_2019.pdf\">Confira o edital<\/a><br><\/p>\n\n\n\n<p><strong>Prefeitura de Pianc\u00f3<\/strong><\/p>\n\n\n\n<p>A Prefeitura de Pianc\u00f3 inscreve para o concurso p\u00fablico e processo seletivo, a partir da pr\u00f3xima quinta-feira (8),&nbsp;com 157 vagas para os n\u00edveis fundamental, m\u00e9dio e superior e sal\u00e1rios de at\u00e9 R$ 1.725.&nbsp;<\/p>\n\n\n\n<p>De acordo com o certame o concurso p\u00fablico oferece 27 vagas de emprego com sal\u00e1rios de at\u00e9 R$ 1.725, e as inscri\u00e7\u00f5es podem ser realizadas at\u00e9 o dia 5 de setembro.<br><\/p>\n\n\n\n<p>A prova acontece no dia 20 de outubro.&nbsp;<\/p>\n\n\n\n<p><a href=\"https:\/\/www.clickpb.com.br\/media\/filer_public\/d9\/cc\/d9ccff56-7dd1-4e27-a631-c40723e5b162\/edital_normativo_001_2019_pmp_pb.pdf\">Confira o edital do concurso<\/a><br><\/p>\n\n\n\n<p>J\u00e1 o processo seletivo oferece 130 vagas com sal\u00e1rio de R$ 998.&nbsp;Os interessados poder\u00e3o se inscrever at\u00e9 o dia 15&nbsp;de agosto.<\/p>\n\n\n\n<p>A prova acontece no dia 20 de outubro.&nbsp;<\/p>\n\n\n\n<p><a href=\"https:\/\/www.clickpb.com.br\/media\/filer_public\/81\/75\/8175f9c0-2048-4032-9f29-a7e61f0087ec\/edital_normativo_001_2019_ps_pmp_pb.pdf\">Confira o edital do processo seletivo<\/a><\/p>\n\n\n\n<p><strong>Prefeitura de S\u00e3o Jos\u00e9 dos Cordeiros<\/strong><\/p>\n\n\n\n<p>A Prefeitura de S\u00e3o Jos\u00e9 dos Cordeiros inscreve a partir da pr\u00f3xima quarta-feira (7), com 28 vagas e sal\u00e1rios de at\u00e9 R$ 12.188.<\/p>\n\n\n\n<p>As inscri\u00e7\u00f5es podem ser realizadas at\u00e9 o dia 04 de setembro.&nbsp;<\/p>\n\n\n\n<p>As provas acontecem no dia 20 de outubro.&nbsp;<\/p>\n\n\n\n<p><a href=\"https:\/\/www.clickpb.com.br\/media\/filer_public\/eb\/d6\/ebd68f77-e599-42d1-ba85-4ea9e3f0a0eb\/edital_normativo_sao_jose_dos_cordeiros_001_2019.pdf\">Confira o edital do concurso<\/a><\/p>\n\n\n\n<p><strong>Prefeitura de Sum\u00e9<\/strong><\/p>\n\n\n\n<p>A Prefeitura de Sum\u00e9 inscreve para&nbsp;concurso p\u00fablico com&nbsp;34 vagas em cargos de n\u00edveis m\u00e9dio, t\u00e9cnico e superior. Os sal\u00e1rios variam de R$ 1,1 mil a R$ 6,6 mil e as inscri\u00e7\u00f5es abrem no dia 7 de agosto.<\/p>\n\n\n\n<p>Os interessados podem se inscrever at\u00e9 o dia&nbsp;4 de setembro.&nbsp;A taxa de inscri\u00e7\u00e3o custa R$ 85 para cargos de n\u00edvel m\u00e9dio ou t\u00e9cnico e R$ 105 para cargos de n\u00edvel superior.<br><\/p>\n\n\n\n<p>As provas est\u00e3o previstas para acontecer no dia 20 de outubro.<br><\/p>\n\n\n\n<p><a href=\"https:\/\/www.clickpb.com.br\/media\/filer_public\/45\/2f\/452fbab6-4694-453f-b9a4-9780b244dfbb\/edital_normativo_concurso_prefeitura_municipal_sume.pdf\">Confira o edital<\/a><\/p>\n","protected":false},"excerpt":{"rendered":"<p>Quatro prefeituras come\u00e7am a inscrever a partir desta quarta-feira (7), para concursos e sele\u00e7\u00f5es na Para\u00edba. Ao todo s\u00e3o oferecidas 228&nbsp;vagas para as Prefeituras de&hellip; <\/p>\n","protected":false},"author":1,"featured_media":92258,"comment_status":"closed","ping_status":"closed","sticky":false,"template":"","format":"standard","meta":{"sfsi_plus_gutenberg_text_before_share":"","sfsi_plus_gutenberg_show_text_before_share":"","sfsi_plus_gutenberg_icon_type":"","sfsi_plus_gutenberg_icon_alignemt":"","sfsi_plus_gutenburg_max_per_row":"","footnotes":""},"categories":[6,50],"tags":[],"class_list":["post-108522","post","type-post","status-publish","format-standard","has-post-thumbnail","hentry","category-cidades","category-destaque"],"_links":{"self":[{"href":"https:\/\/www.caririemacao.com\/1\/wp-json\/wp\/v2\/posts\/108522","targetHints":{"allow":["GET"]}}],"collection":[{"href":"https:\/\/www.caririemacao.com\/1\/wp-json\/wp\/v2\/posts"}],"about":[{"href":"https:\/\/www.caririemacao.com\/1\/wp-json\/wp\/v2\/types\/post"}],"author":[{"embeddable":true,"href":"https:\/\/www.caririemacao.com\/1\/wp-json\/wp\/v2\/users\/1"}],"replies":[{"embeddable":true,"href":"https:\/\/www.caririemacao.com\/1\/wp-json\/wp\/v2\/comments?post=108522"}],"version-history":[{"count":1,"href":"https:\/\/www.caririemacao.com\/1\/wp-json\/wp\/v2\/posts\/108522\/revisions"}],"predecessor-version":[{"id":108523,"href":"https:\/\/www.caririemacao.com\/1\/wp-json\/wp\/v2\/posts\/108522\/revisions\/108523"}],"wp:featuredmedia":[{"embeddable":true,"href":"https:\/\/www.caririemacao.com\/1\/wp-json\/wp\/v2\/media\/92258"}],"wp:attachment":[{"href":"https:\/\/www.caririemacao.com\/1\/wp-json\/wp\/v2\/media?parent=108522"}],"wp:term":[{"taxonomy":"category","embeddable":true,"href":"https:\/\/www.caririemacao.com\/1\/wp-json\/wp\/v2\/categories?post=108522"},{"taxonomy":"post_tag","embeddable":true,"href":"https:\/\/www.caririemacao.com\/1\/wp-json\/wp\/v2\/tags?post=108522"}],"curies":[{"name":"wp","href":"https:\/\/api.w.org\/{rel}","templated":true}]}}