{"id":108527,"date":"2019-08-04T09:13:34","date_gmt":"2019-08-04T12:13:34","guid":{"rendered":"http:\/\/www.caririemacao.com\/1\/?p=108527"},"modified":"2019-08-04T09:13:34","modified_gmt":"2019-08-04T12:13:34","slug":"joao-azevedo-se-reune-com-integrantes-da-bancada-de-situacao-na-alpb","status":"publish","type":"post","link":"https:\/\/www.caririemacao.com\/1\/2019\/08\/04\/joao-azevedo-se-reune-com-integrantes-da-bancada-de-situacao-na-alpb\/","title":{"rendered":"Jo\u00e3o Azev\u00eado se re\u00fane com integrantes da bancada de situa\u00e7\u00e3o na ALPB"},"content":{"rendered":"\n<p>O governador da Para\u00edba,&nbsp; Jo\u00e3o Azev\u00eado se re\u00fane nesta ter\u00e7a-feira (6), com&nbsp;todos os integrantes da bancada de situa\u00e7\u00e3o na Assembleia Legislativa da Para\u00edba. O&nbsp;objetivo do encontro \u00e9 afinar&nbsp;o discurso dentro da base aliada para que neste segundo semestre os trabalhos legislativos seja iniciado com harmonia total.<\/p>\n\n\n\n<p>O l\u00edder do G10, o&nbsp;deputado estadual Bruno Ara\u00fajo,&nbsp; confirmou presen\u00e7a no encontro e refor\u00e7ou que o grupo nunca deixou de fazer parte da situa\u00e7\u00e3o. Ainda segundo ele, a base segue unidade e o G10, assim como no primeiro semestre, continuar\u00e1 integrando o bloco de situa\u00e7\u00e3o.<\/p>\n\n\n\n<p>\u201cA base \u00e9 uma s\u00f3, tanto \u00e9 que na pr\u00f3xima ter\u00e7a-feira o governador estar\u00e1 oferecendo um caf\u00e9 da manh\u00e3 para toda a sua base, j\u00e1 que de fato n\u00f3s voltamos ao trabalho das sess\u00f5es ordin\u00e1rias justamente na ter\u00e7a e com rela\u00e7\u00e3o a isso a situa\u00e7\u00e3o \u00e9 muito tranquila. O G10 vai continuar fazendo suas reuni\u00f5es peri\u00f3dicas, semanalmente, para que a gente possa unificar nossas falas, nossos discursos, mas \u00e9 bom enfatizar que todos n\u00f3s somos base do governo\u201d, afirmou Bruno.<\/p>\n","protected":false},"excerpt":{"rendered":"<p>O governador da Para\u00edba,&nbsp; Jo\u00e3o Azev\u00eado se re\u00fane nesta ter\u00e7a-feira (6), com&nbsp;todos os integrantes da bancada de situa\u00e7\u00e3o na Assembleia Legislativa da Para\u00edba. O&nbsp;objetivo do&hellip; <\/p>\n","protected":false},"author":1,"featured_media":108528,"comment_status":"closed","ping_status":"closed","sticky":false,"template":"","format":"standard","meta":{"sfsi_plus_gutenberg_text_before_share":"","sfsi_plus_gutenberg_show_text_before_share":"","sfsi_plus_gutenberg_icon_type":"","sfsi_plus_gutenberg_icon_alignemt":"","sfsi_plus_gutenburg_max_per_row":"","footnotes":""},"categories":[11],"tags":[],"class_list":["post-108527","post","type-post","status-publish","format-standard","has-post-thumbnail","hentry","category-politica"],"_links":{"self":[{"href":"https:\/\/www.caririemacao.com\/1\/wp-json\/wp\/v2\/posts\/108527","targetHints":{"allow":["GET"]}}],"collection":[{"href":"https:\/\/www.caririemacao.com\/1\/wp-json\/wp\/v2\/posts"}],"about":[{"href":"https:\/\/www.caririemacao.com\/1\/wp-json\/wp\/v2\/types\/post"}],"author":[{"embeddable":true,"href":"https:\/\/www.caririemacao.com\/1\/wp-json\/wp\/v2\/users\/1"}],"replies":[{"embeddable":true,"href":"https:\/\/www.caririemacao.com\/1\/wp-json\/wp\/v2\/comments?post=108527"}],"version-history":[{"count":1,"href":"https:\/\/www.caririemacao.com\/1\/wp-json\/wp\/v2\/posts\/108527\/revisions"}],"predecessor-version":[{"id":108529,"href":"https:\/\/www.caririemacao.com\/1\/wp-json\/wp\/v2\/posts\/108527\/revisions\/108529"}],"wp:featuredmedia":[{"embeddable":true,"href":"https:\/\/www.caririemacao.com\/1\/wp-json\/wp\/v2\/media\/108528"}],"wp:attachment":[{"href":"https:\/\/www.caririemacao.com\/1\/wp-json\/wp\/v2\/media?parent=108527"}],"wp:term":[{"taxonomy":"category","embeddable":true,"href":"https:\/\/www.caririemacao.com\/1\/wp-json\/wp\/v2\/categories?post=108527"},{"taxonomy":"post_tag","embeddable":true,"href":"https:\/\/www.caririemacao.com\/1\/wp-json\/wp\/v2\/tags?post=108527"}],"curies":[{"name":"wp","href":"https:\/\/api.w.org\/{rel}","templated":true}]}}