{"id":108553,"date":"2019-08-04T11:56:17","date_gmt":"2019-08-04T14:56:17","guid":{"rendered":"http:\/\/www.caririemacao.com\/1\/?p=108553"},"modified":"2019-08-04T11:56:17","modified_gmt":"2019-08-04T14:56:17","slug":"bota-pb-encara-confianca-no-que-pode-ser-ultima-cartada-na-serie-c","status":"publish","type":"post","link":"https:\/\/www.caririemacao.com\/1\/2019\/08\/04\/bota-pb-encara-confianca-no-que-pode-ser-ultima-cartada-na-serie-c\/","title":{"rendered":"Bota-PB encara Confian\u00e7a no que pode ser \u00faltima cartada na S\u00e9rie C"},"content":{"rendered":"\n<p><br>Muito pressionado, sem vencer h\u00e1 cinco partidas e sob a desconfian\u00e7a da torcida.<\/p>\n\n\n\n<p>\u00c9 assim que o Botafogo-PB enfrenta o Confian\u00e7a logo mais, \u00e0s 18h, no Almeid\u00e3o, para tentar se reabilitar no Grupo A da S\u00e9rie C do Campeonato Brasileiro, que est\u00e1 na 15\u00aa rodada.<\/p>\n\n\n\n<p>Com 18 pontos, cinco a menos que o Ferrovi\u00e1rio, quarto colocado, o Belo precisa da vit\u00f3ria para manter vivas as chances de classifica\u00e7\u00e3o..<\/p>\n\n\n\n<p>Em busca de recuperar as boas atua\u00e7\u00f5es do in\u00edcio da competi\u00e7\u00e3o, a diretoria botafoguense promoveu uma reuni\u00e3o com a presen\u00e7a do elenco e membros de torcidas organizadas durante a semana. Parte do encontro foi registrado em v\u00eddeo e publicado nas redes sociais do Belo.<\/p>\n\n\n\n<p>As imagens mostram pequenos trechos do que foi falado por dirigentes, jogadores e torcedores. O \u00fanico atleta que aparece falando \u00e9 Marcos Aur\u00e9liio, uma das lideran\u00e7as do grupo.<\/p>\n\n\n\n<p>\u2013 N\u00f3s jogadores estamos nos cobrando. A gente se fala, a gente conversa todo dia. Estamos cientes da situa\u00e7\u00e3o que a gente vive hoje \u2013 diz o experiente meia em breve apari\u00e7\u00e3o no v\u00eddeo.<\/p>\n\n\n\n<p>Sobre a forma\u00e7\u00e3o do time, o t\u00e9cnico Evaristo Piza vai ganhar o retorno da dupla de zaga que tem utilizado como titular ao longo da S\u00e9rie C.<\/p>\n\n\n\n<div class=\"wp-block-image\"><figure class=\"aligncenter\"><img decoding=\"async\" data-src=\"https:\/\/paraibaonline.com.br\/wp-content\/uploads\/2019\/05\/Almeidao.jpg\" alt=\"\" class=\"wp-image-735715 lazyload\" src=\"data:image\/svg+xml;base64,PHN2ZyB3aWR0aD0iMSIgaGVpZ2h0PSIxIiB4bWxucz0iaHR0cDovL3d3dy53My5vcmcvMjAwMC9zdmciPjwvc3ZnPg==\" \/><\/figure><\/div>\n\n\n\n<p>Lula e Fred voltam ap\u00f3s cumprirem suspens\u00e3o autom\u00e1tica. J\u00e1 Enercino, meia que estava sendo improvisado na lateral esquerda, foi expulso na derrota para o Imperatriz. O jogador vai ser substitu\u00eddo por F\u00e1bio Alves, que volta de les\u00e3o e deve recuperar o posto entre os titulares.<\/p>\n\n\n\n<p><strong>Confian\u00e7a<\/strong><\/p>\n\n\n\n<p>O t\u00e9cnico Daniel Paulista n\u00e3o ter\u00e1 nenhuma baixa entre os jogadores titulares e pode repetir a escala\u00e7\u00e3o. Quem desfalca o Confian\u00e7a, neste caso at\u00e9 o final da S\u00e9rie C, \u00e9 o lateral-esquerdo Radar, com uma les\u00e3o no joelho.<\/p>\n\n\n\n<p>A diretoria agiu r\u00e1pido e contratou Michel Benhami para preencher a lacuna no elenco.<\/p>\n\n\n\n<p>\u2013 Essa \u00e9 a primeira das quatro finais que teremos pela frente nessa primeira fase. Temos que buscar o maior n\u00famero de pontos poss\u00edveis. Temos que ter muita concentra\u00e7\u00e3o e foco em nosso objetivo. Acredito que ser\u00e1 uma partida muito disputada. Vamos fazer o melhor para ter o resultado positivo \u2013 avaliou Daniel Paulista.<\/p>\n\n\n\n<p><strong>Arbitragem<\/strong><\/p>\n\n\n\n<p>Douglas Schwengber da Silva, do Rio Grande do Sul, apita Botafogo-PB x Confian\u00e7a. Seus auxiliares ser\u00e3o Leirson Peng Martins e Andre da Silva Bitencourt, tamb\u00e9m ga\u00fachos.<\/p>\n\n\n\n<p><strong>Prov\u00e1vel escala\u00e7\u00e3o<\/strong><\/p>\n\n\n\n<p><strong>Botafogo-PB<\/strong>: Saulo, Neilson, Fred, Lula e F\u00e1bio Alves; Rog\u00e9rio, Marcos Vinicius, Clayton e Marcos Aur\u00e9lio; Dico e Nando. T\u00e9cnico: Evaristo Piza.<\/p>\n\n\n\n<p><strong>Confian\u00e7a:<\/strong>&nbsp;Genivaldo, Thiago Ennes, Vin\u00edcius Simon, Anderson e Altemar; Amaral, Rafael Vila, Everton e Marcelinho; \u00cdtalo e Renan Gorne. T\u00e9cnico: Daniel Paulista.<\/p>\n","protected":false},"excerpt":{"rendered":"<p>Muito pressionado, sem vencer h\u00e1 cinco partidas e sob a desconfian\u00e7a da torcida. \u00c9 assim que o Botafogo-PB enfrenta o Confian\u00e7a logo mais, \u00e0s 18h,&hellip; <\/p>\n","protected":false},"author":1,"featured_media":108554,"comment_status":"closed","ping_status":"closed","sticky":false,"template":"","format":"standard","meta":{"sfsi_plus_gutenberg_text_before_share":"","sfsi_plus_gutenberg_show_text_before_share":"","sfsi_plus_gutenberg_icon_type":"","sfsi_plus_gutenberg_icon_alignemt":"","sfsi_plus_gutenburg_max_per_row":"","footnotes":""},"categories":[13],"tags":[],"class_list":["post-108553","post","type-post","status-publish","format-standard","has-post-thumbnail","hentry","category-esportes"],"_links":{"self":[{"href":"https:\/\/www.caririemacao.com\/1\/wp-json\/wp\/v2\/posts\/108553","targetHints":{"allow":["GET"]}}],"collection":[{"href":"https:\/\/www.caririemacao.com\/1\/wp-json\/wp\/v2\/posts"}],"about":[{"href":"https:\/\/www.caririemacao.com\/1\/wp-json\/wp\/v2\/types\/post"}],"author":[{"embeddable":true,"href":"https:\/\/www.caririemacao.com\/1\/wp-json\/wp\/v2\/users\/1"}],"replies":[{"embeddable":true,"href":"https:\/\/www.caririemacao.com\/1\/wp-json\/wp\/v2\/comments?post=108553"}],"version-history":[{"count":1,"href":"https:\/\/www.caririemacao.com\/1\/wp-json\/wp\/v2\/posts\/108553\/revisions"}],"predecessor-version":[{"id":108555,"href":"https:\/\/www.caririemacao.com\/1\/wp-json\/wp\/v2\/posts\/108553\/revisions\/108555"}],"wp:featuredmedia":[{"embeddable":true,"href":"https:\/\/www.caririemacao.com\/1\/wp-json\/wp\/v2\/media\/108554"}],"wp:attachment":[{"href":"https:\/\/www.caririemacao.com\/1\/wp-json\/wp\/v2\/media?parent=108553"}],"wp:term":[{"taxonomy":"category","embeddable":true,"href":"https:\/\/www.caririemacao.com\/1\/wp-json\/wp\/v2\/categories?post=108553"},{"taxonomy":"post_tag","embeddable":true,"href":"https:\/\/www.caririemacao.com\/1\/wp-json\/wp\/v2\/tags?post=108553"}],"curies":[{"name":"wp","href":"https:\/\/api.w.org\/{rel}","templated":true}]}}