{"id":108559,"date":"2019-08-04T12:00:22","date_gmt":"2019-08-04T15:00:22","guid":{"rendered":"http:\/\/www.caririemacao.com\/1\/?p=108559"},"modified":"2019-08-04T12:00:22","modified_gmt":"2019-08-04T15:00:22","slug":"ataques-a-tiros-nos-eua-deixam-29-mortos-em-12-horas","status":"publish","type":"post","link":"https:\/\/www.caririemacao.com\/1\/2019\/08\/04\/ataques-a-tiros-nos-eua-deixam-29-mortos-em-12-horas\/","title":{"rendered":"Ataques a tiros nos EUA deixam 29 mortos em 12 horas"},"content":{"rendered":"\n<p>Um segundo ataque na madrugada deste domingo (4) elevou para 29 o n\u00famero de mortos em assassinatos em massa neste fim de semana nos Estados Unidos. O criminoso, que foi morto pela pol\u00edcia, matou 9 pessoas na cidade de Dayton, Ohio. Na tarde de s\u00e1bado (3), outro atirador fez 20 v\u00edtimas em El Paso, no Texas. Ele foi preso pela pol\u00edcia.<\/p>\n\n\n\n<p>O ataque em Dayton ocorreu pouco depois da 1h da manh\u00e3 (2h em Bras\u00edlia) perto de um bar na East Fifht Street, na regi\u00e3o central da cidade. O criminoso utilizava uma arma de calibre .223, utilizado pelo ex\u00e9rcito americano, al\u00e9m de recarregadores.<br>A pol\u00edcia confirmou no Twitter que estava nas proximidades do ataque e conseguiu agir rapidamente para conter e matar o suspeito. De acordo com a prefeita de Dayton, Nan Whaley, a pol\u00edcia levou cerca de 1 minuto<\/p>\n\n\n\n<p>A identidade do autor dos tiros ainda n\u00e3o foi informada, t\u00e3o pouco o motivo do ataque. A suspeita \u00e9 de que ele tenha agido sozinho. Em uma entrevista coletiva, o porta-voz da pol\u00edcia de Dayton informou que o FBI j\u00e1 atua no caso.<\/p>\n\n\n\n<p>Segundo o &#8220;The New York Times&#8221;, 16 pessoas foram levadas para o hospital Miami Valley, mas n\u00e3o foi dada nenhuma informa\u00e7\u00e3o sobre o estado de sa\u00fade e a situa\u00e7\u00e3o das v\u00edtimas.<\/p>\n\n\n\n<p><strong>Testemunhas<\/strong><\/p>\n\n\n\n<p>De acordo com a BBC, o ataque ocorreu do lado de fora de um bar chamado Ned Peppers. Em seu perfil no Instagram, o estabelecimento postou uma mensagem em que afirmava que os funcion\u00e1rios do bar estavam seguros.<\/p>\n\n\n\n<p>Uma testemunha disse \u00e0 BBC que estava pr\u00f3ximo ao local, em um show de rap que foi evacuado. &#8220;Sa\u00edmos todos com rapidez e seguran\u00e7a&#8221;, disse Jae Williams. &#8220;Ficamos todos chocados&#8221;.<\/p>\n\n\n\n<p><strong>Tiros no Texas<\/strong><\/p>\n\n\n\n<p>No s\u00e1bado (3), um ataque deixou 20 pessoas mortas e 26 feridas na cidade de El Paso, no Texas. Um homem foi detido.<\/p>\n\n\n\n<p>O presidente do M\u00e9xico, Andr\u00e9s Manuel L\u00f3pez Obrador, afirmou que entre os mortos h\u00e1 3 mexicanos. O ministro de Rela\u00e7\u00f5es Exteriores do pa\u00eds informou que outros 6 mexicanos ficaram feridos no ataque.<\/p>\n\n\n\n<p>As v\u00edtimas feridas t\u00eam, de acordo com a &#8220;ABC News&#8221;, entre 2 e 82 anos de idade. As autoridades consulares do Brasil nos EUA est\u00e3o em contato com a pol\u00edcia texana, mas n\u00e3o h\u00e1, at\u00e9 o momento, nenhuma informa\u00e7\u00e3o de brasileiros entre as v\u00edtimas em El Paso. Do mesmo modo, n\u00e3o foi recebida nenhuma consulta de familiares no Brasil sobre o caso.<\/p>\n","protected":false},"excerpt":{"rendered":"<p>Um segundo ataque na madrugada deste domingo (4) elevou para 29 o n\u00famero de mortos em assassinatos em massa neste fim de semana nos Estados&hellip; <\/p>\n","protected":false},"author":1,"featured_media":108560,"comment_status":"closed","ping_status":"closed","sticky":false,"template":"","format":"standard","meta":{"sfsi_plus_gutenberg_text_before_share":"","sfsi_plus_gutenberg_show_text_before_share":"","sfsi_plus_gutenberg_icon_type":"","sfsi_plus_gutenberg_icon_alignemt":"","sfsi_plus_gutenburg_max_per_row":"","footnotes":""},"categories":[12],"tags":[],"class_list":["post-108559","post","type-post","status-publish","format-standard","has-post-thumbnail","hentry","category-policia"],"_links":{"self":[{"href":"https:\/\/www.caririemacao.com\/1\/wp-json\/wp\/v2\/posts\/108559","targetHints":{"allow":["GET"]}}],"collection":[{"href":"https:\/\/www.caririemacao.com\/1\/wp-json\/wp\/v2\/posts"}],"about":[{"href":"https:\/\/www.caririemacao.com\/1\/wp-json\/wp\/v2\/types\/post"}],"author":[{"embeddable":true,"href":"https:\/\/www.caririemacao.com\/1\/wp-json\/wp\/v2\/users\/1"}],"replies":[{"embeddable":true,"href":"https:\/\/www.caririemacao.com\/1\/wp-json\/wp\/v2\/comments?post=108559"}],"version-history":[{"count":1,"href":"https:\/\/www.caririemacao.com\/1\/wp-json\/wp\/v2\/posts\/108559\/revisions"}],"predecessor-version":[{"id":108561,"href":"https:\/\/www.caririemacao.com\/1\/wp-json\/wp\/v2\/posts\/108559\/revisions\/108561"}],"wp:featuredmedia":[{"embeddable":true,"href":"https:\/\/www.caririemacao.com\/1\/wp-json\/wp\/v2\/media\/108560"}],"wp:attachment":[{"href":"https:\/\/www.caririemacao.com\/1\/wp-json\/wp\/v2\/media?parent=108559"}],"wp:term":[{"taxonomy":"category","embeddable":true,"href":"https:\/\/www.caririemacao.com\/1\/wp-json\/wp\/v2\/categories?post=108559"},{"taxonomy":"post_tag","embeddable":true,"href":"https:\/\/www.caririemacao.com\/1\/wp-json\/wp\/v2\/tags?post=108559"}],"curies":[{"name":"wp","href":"https:\/\/api.w.org\/{rel}","templated":true}]}}