{"id":108567,"date":"2019-08-04T18:00:43","date_gmt":"2019-08-04T21:00:43","guid":{"rendered":"http:\/\/www.caririemacao.com\/1\/?p=108567"},"modified":"2019-08-04T18:00:43","modified_gmt":"2019-08-04T21:00:43","slug":"luto-morre-em-santo-andre-o-ex-vereador-e-ex-presidente-da-camara-ornil-firmino","status":"publish","type":"post","link":"https:\/\/www.caririemacao.com\/1\/2019\/08\/04\/luto-morre-em-santo-andre-o-ex-vereador-e-ex-presidente-da-camara-ornil-firmino\/","title":{"rendered":"LUTO: Morre em Santo Andr\u00e9 o ex-vereador e ex-presidente da C\u00e2mara, Ornil Firmino"},"content":{"rendered":"\n<p>Faleceu no in\u00edcio da tarde deste domingo(04) no munic\u00edpio de Santo Andr\u00e9 o ex-vereador e ex-presidente da c\u00e2mara, Ornil Firmino. A not\u00edcia de seu falecimento deixa com tristeza toda a classe pol\u00edtica e toda a popula\u00e7\u00e3o de Santo Andr\u00e9.<\/p>\n\n\n\n<p>Ornil Firmino foi um dos grandes l\u00edderes pol\u00edticos da cidade, sendo vereador tamb\u00e9m na cidade de Gurj\u00e3o, quando Santo Andr\u00e9 pertencia \u00e0quele munic\u00edpio. Ornil Firmino deixa um grande legado no munic\u00edpio de Santo Andr\u00e9, sendo vereador por v\u00e1rios mandatos e um dos fundadores do pr\u00e9dio da C\u00e2mara Legislativa da cidade.<\/p>\n\n\n\n<p>Ornil foi o primeiro presidente da C\u00e2mara Municipal logo ap\u00f3s a cidade de Santo Andr\u00e9 ser municipalizada e se tornar cidade. Recentemente, Ornil foi condecorado com uma medalha de Honra ao M\u00e9rito pela C\u00e2mara de Santo Andr\u00e9, a partir da iniciativa do vereador Pedro de Neguinho. O parlamentar lamentou profundamente a morte do l\u00edder pol\u00edtico.<\/p>\n\n\n\n<p>De Olho no Cariri<\/p>\n","protected":false},"excerpt":{"rendered":"<p>Faleceu no in\u00edcio da tarde deste domingo(04) no munic\u00edpio de Santo Andr\u00e9 o ex-vereador e ex-presidente da c\u00e2mara, Ornil Firmino. A not\u00edcia de seu falecimento&hellip; <\/p>\n","protected":false},"author":1,"featured_media":108568,"comment_status":"closed","ping_status":"closed","sticky":false,"template":"","format":"standard","meta":{"sfsi_plus_gutenberg_text_before_share":"","sfsi_plus_gutenberg_show_text_before_share":"","sfsi_plus_gutenberg_icon_type":"","sfsi_plus_gutenberg_icon_alignemt":"","sfsi_plus_gutenburg_max_per_row":"","footnotes":""},"categories":[2],"tags":[],"class_list":["post-108567","post","type-post","status-publish","format-standard","has-post-thumbnail","hentry","category-geral"],"_links":{"self":[{"href":"https:\/\/www.caririemacao.com\/1\/wp-json\/wp\/v2\/posts\/108567","targetHints":{"allow":["GET"]}}],"collection":[{"href":"https:\/\/www.caririemacao.com\/1\/wp-json\/wp\/v2\/posts"}],"about":[{"href":"https:\/\/www.caririemacao.com\/1\/wp-json\/wp\/v2\/types\/post"}],"author":[{"embeddable":true,"href":"https:\/\/www.caririemacao.com\/1\/wp-json\/wp\/v2\/users\/1"}],"replies":[{"embeddable":true,"href":"https:\/\/www.caririemacao.com\/1\/wp-json\/wp\/v2\/comments?post=108567"}],"version-history":[{"count":1,"href":"https:\/\/www.caririemacao.com\/1\/wp-json\/wp\/v2\/posts\/108567\/revisions"}],"predecessor-version":[{"id":108569,"href":"https:\/\/www.caririemacao.com\/1\/wp-json\/wp\/v2\/posts\/108567\/revisions\/108569"}],"wp:featuredmedia":[{"embeddable":true,"href":"https:\/\/www.caririemacao.com\/1\/wp-json\/wp\/v2\/media\/108568"}],"wp:attachment":[{"href":"https:\/\/www.caririemacao.com\/1\/wp-json\/wp\/v2\/media?parent=108567"}],"wp:term":[{"taxonomy":"category","embeddable":true,"href":"https:\/\/www.caririemacao.com\/1\/wp-json\/wp\/v2\/categories?post=108567"},{"taxonomy":"post_tag","embeddable":true,"href":"https:\/\/www.caririemacao.com\/1\/wp-json\/wp\/v2\/tags?post=108567"}],"curies":[{"name":"wp","href":"https:\/\/api.w.org\/{rel}","templated":true}]}}