{"id":108575,"date":"2019-08-04T20:02:47","date_gmt":"2019-08-04T23:02:47","guid":{"rendered":"http:\/\/www.caririemacao.com\/1\/?p=108575"},"modified":"2019-08-04T20:02:47","modified_gmt":"2019-08-04T23:02:47","slug":"jovem-morre-em-acidente-em-monteiro","status":"publish","type":"post","link":"https:\/\/www.caririemacao.com\/1\/2019\/08\/04\/jovem-morre-em-acidente-em-monteiro\/","title":{"rendered":"Jovem morre em acidente em Monteiro"},"content":{"rendered":"\n<p>Um grave acidente envolvendo moto e carro deixou uma v\u00edtima fatal na noite deste domingo em Monteiro\/PB.<\/p>\n\n\n\n<figure class=\"wp-block-image\"><img fetchpriority=\"high\" decoding=\"async\" width=\"576\" height=\"1024\" src=\"http:\/\/www.caririemacao.com\/1\/wp-content\/uploads\/2019\/08\/IMG-20190804-WA0250-1-576x1024.jpg\" alt=\"\" class=\"wp-image-108578\" srcset=\"https:\/\/www.caririemacao.com\/1\/wp-content\/uploads\/2019\/08\/IMG-20190804-WA0250-1-576x1024.jpg 576w, https:\/\/www.caririemacao.com\/1\/wp-content\/uploads\/2019\/08\/IMG-20190804-WA0250-1-169x300.jpg 169w, https:\/\/www.caririemacao.com\/1\/wp-content\/uploads\/2019\/08\/IMG-20190804-WA0250-1.jpg 720w\" sizes=\"(max-width: 576px) 100vw, 576px\" \/><\/figure>\n\n\n\n<p>A vitima \u00e9 a jovem Ang\u00e9lica Marques que  estava trafegando em uma moto pr\u00f3ximo ao trevo sa\u00edda para A cidade de Sert\u00e2nea\/PE e que supostamente foi atingida por um carro.<\/p>\n\n\n\n<p>Angelica chegou a falecer no local do acidente. O local \u00e9 tamb\u00e9m conhecido como Antiga Manzu\u00e1.<\/p>\n\n\n\n<p>O motorista do ve\u00edculo se evadiu do local. A PM foi acionada e est\u00e1 no local fazendo os devidos procedimentos.<\/p>\n\n\n\n<p>Informa\u00e7\u00f5es a qualquer momento.<\/p>\n","protected":false},"excerpt":{"rendered":"<p>Um grave acidente envolvendo moto e carro deixou uma v\u00edtima fatal na noite deste domingo em Monteiro\/PB. A vitima \u00e9 a jovem Ang\u00e9lica Marques que&hellip; <\/p>\n","protected":false},"author":2,"featured_media":108577,"comment_status":"closed","ping_status":"closed","sticky":false,"template":"","format":"standard","meta":{"sfsi_plus_gutenberg_text_before_share":"","sfsi_plus_gutenberg_show_text_before_share":"","sfsi_plus_gutenberg_icon_type":"","sfsi_plus_gutenberg_icon_alignemt":"","sfsi_plus_gutenburg_max_per_row":"","footnotes":""},"categories":[50,12],"tags":[],"class_list":["post-108575","post","type-post","status-publish","format-standard","has-post-thumbnail","hentry","category-destaque","category-policia"],"_links":{"self":[{"href":"https:\/\/www.caririemacao.com\/1\/wp-json\/wp\/v2\/posts\/108575","targetHints":{"allow":["GET"]}}],"collection":[{"href":"https:\/\/www.caririemacao.com\/1\/wp-json\/wp\/v2\/posts"}],"about":[{"href":"https:\/\/www.caririemacao.com\/1\/wp-json\/wp\/v2\/types\/post"}],"author":[{"embeddable":true,"href":"https:\/\/www.caririemacao.com\/1\/wp-json\/wp\/v2\/users\/2"}],"replies":[{"embeddable":true,"href":"https:\/\/www.caririemacao.com\/1\/wp-json\/wp\/v2\/comments?post=108575"}],"version-history":[{"count":1,"href":"https:\/\/www.caririemacao.com\/1\/wp-json\/wp\/v2\/posts\/108575\/revisions"}],"predecessor-version":[{"id":108579,"href":"https:\/\/www.caririemacao.com\/1\/wp-json\/wp\/v2\/posts\/108575\/revisions\/108579"}],"wp:featuredmedia":[{"embeddable":true,"href":"https:\/\/www.caririemacao.com\/1\/wp-json\/wp\/v2\/media\/108577"}],"wp:attachment":[{"href":"https:\/\/www.caririemacao.com\/1\/wp-json\/wp\/v2\/media?parent=108575"}],"wp:term":[{"taxonomy":"category","embeddable":true,"href":"https:\/\/www.caririemacao.com\/1\/wp-json\/wp\/v2\/categories?post=108575"},{"taxonomy":"post_tag","embeddable":true,"href":"https:\/\/www.caririemacao.com\/1\/wp-json\/wp\/v2\/tags?post=108575"}],"curies":[{"name":"wp","href":"https:\/\/api.w.org\/{rel}","templated":true}]}}