{"id":108584,"date":"2019-08-05T08:13:51","date_gmt":"2019-08-05T11:13:51","guid":{"rendered":"http:\/\/www.caririemacao.com\/1\/?p=108584"},"modified":"2019-08-05T08:13:51","modified_gmt":"2019-08-05T11:13:51","slug":"governadores-do-nordeste-criam-bloco-e-consolidam-polo-a-esquerda","status":"publish","type":"post","link":"https:\/\/www.caririemacao.com\/1\/2019\/08\/05\/governadores-do-nordeste-criam-bloco-e-consolidam-polo-a-esquerda\/","title":{"rendered":"Governadores do Nordeste criam bloco e consolidam polo \u00e0 esquerda"},"content":{"rendered":"\n<p>Em contraponto \u00e0 gest\u00e3o do presidente Jair Bolsonaro (PSL), eles se uniram em torno de um projeto comum e come\u00e7am a consolidar um novo polo de poder na esquerda p\u00f3s-Lula (PT).<\/p>\n\n\n\n<p>Com a for\u00e7a pol\u00edtica de suas canetas, os governadores dos nove estados do Nordeste \u2013sete deles de partidos de esquerda\u2013 intensificaram agendas conjuntas, afinaram o discurso e tentam dar peso pol\u00edtico \u00e0 regi\u00e3o onde vivem 55 milh\u00f5es de brasileiros.<\/p>\n\n\n\n<p>Para isso, deixaram em segundo plano o debate sobre costumes, na qual a polariza\u00e7\u00e3o com Bolsonaro tende a atingir n\u00edveis ainda mais cr\u00edticos, e trouxeram para o centro da discuss\u00e3o temas com maior impacto no cotidiano da popula\u00e7\u00e3o, como emprego, sa\u00fade e seguran\u00e7a.<\/p>\n\n\n\n<p>A estrat\u00e9gia ficou vis\u00edvel na \u00faltima segunda (29), quando os governadores formalizaram em Salvador a cria\u00e7\u00e3o do Cons\u00f3rcio Nordeste, entidade que viabilizar\u00e1 parcerias entre os estados da regi\u00e3o.<\/p>\n\n\n\n<p>Em entrevista \u00e0 imprensa, eles negaram que a proposta fosse um contraponto a Bolsonaro. Mas, politicamente, todos os signos que apontavam nessa dire\u00e7\u00e3o estavam l\u00e1.<\/p>\n\n\n\n<p>Perfilados lado a lado, os governadores posaram para fotos ap\u00f3s o lan\u00e7amento do projeto. Atr\u00e1s deles, um banner trazia um slogan com discurso nacional: \u201cCons\u00f3rcio Nordeste: o Brasil que cresce unido\u201d.<\/p>\n\n\n\n<p>A escolha n\u00e3o foi ao acaso. A ideia de uni\u00e3o do slogan \u00e9 um contraponto direto a Bolsonaro, que segue a l\u00f3gica do conflito em seu governo.<\/p>\n\n\n\n<p>Do grupo, despontam dois nomes que podem disputar a elei\u00e7\u00e3o presidencial em 2022: Fl\u00e1vio Dino (PC do B), do Maranh\u00e3o, e Rui Costa (PT), da Bahia.<\/p>\n\n\n\n<p>No discurso de ambos, a ideia de contraponto tamb\u00e9m esteve presente, nem sempre de forma t\u00e3o sutil.<\/p>\n\n\n\n<p>Dino afirmou que o cons\u00f3rcio mostra uma \u201cdiferen\u00e7a muito clara entre formas de governar\u201d de Bolsonaro e dos governadores nordestinos, que prop\u00f5em \u201cuma agenda real, sintonizada com as necessidades do Brasil\u201d.<\/p>\n\n\n\n<p>\u201cN\u00e3o queremos confus\u00e3o, persegui\u00e7\u00e3o e conflito. Queremos uni\u00e3o e paz em favor do Brasil. Mas tamb\u00e9m n\u00e3o aceitaremos agressividade e temos firmeza para defendermos nossos estados e nossa regi\u00e3o\u201d, afirmou Dino, que recentemente foi chamado por Bolsonaro de \u201cpessoa intrag\u00e1vel\u201d.<\/p>\n\n\n\n<p>Presidente do Cons\u00f3rcio Nordeste, Rui destacou por v\u00e1rias vezes a palavra uni\u00e3o e citou o grupo como uma iniciativa para \u201cajudar o pa\u00eds a crescer e superar a crise\u201d.<\/p>\n\n\n\n<p>Tr\u00eas dias depois, quando voltou \u00e0 cidade de Vit\u00f3ria da Conquista (BA) ap\u00f3s embate com o presidente sobre o novo aeroporto da cidade, adotou tom mais duro: afirmou que Bolsonaro \u201cn\u00e3o tem trabalho para apresentar\u201d e acusou o governo federal de \u201cdar calote\u201d ao atrasar repasses para obras com recursos federais.<\/p>\n\n\n\n<p>Mesmo com a postura cr\u00edtica ao presidente, os governadores buscam mostrar-se como uma oposi\u00e7\u00e3o mais palat\u00e1vel e abrangente. No campo pol\u00edtico, eles t\u00eam um leque de aliados locais, que inclui o DEM no Maranh\u00e3o, Cear\u00e1 e Para\u00edba e o PP na Bahia, Pernambuco e Piau\u00ed.<\/p>\n\n\n\n<p>Na esfera administrativa, os governadores buscam, com um perfil mais pragm\u00e1tico, descolar-se da esquerda.<\/p>\n\n\n\n<p>Falam em parcerias p\u00fablico-privadas, privatiza\u00e7\u00f5es e modelos que impulsionem o crescimento econ\u00f4mico da regi\u00e3o.<\/p>\n\n\n\n<p>Em novembro, os nove gestores far\u00e3o uma viagem conjunta a quatro pa\u00edses da Europa para conversas com investidores.<\/p>\n\n\n\n<p>Em outro contraponto a Bolsonaro, pretendem dar \u00eanfase ao discurso ambiental como um ativo para quem pretende investir na regi\u00e3o.<\/p>\n\n\n\n<p>Um dos alvos \u00e9 o setor de saneamento. A tend\u00eancia \u00e9 que as estatais no Nordeste abram capital ou firmem parcerias privadas para potencializar investimentos.<\/p>\n\n\n\n<p>Esse movimento deve acontecer a despeito da oposi\u00e7\u00e3o de partidos aliados (como o PT), que defendem o modelo estatal para as empresas de \u00e1gua e saneamento.<\/p>\n\n\n\n<p>Os opositores dos governadores, por outro lado, veem o Cons\u00f3rcio Nordeste e a atua\u00e7\u00e3o conjunta como uma forma de \u201ccriar espuma\u201d enquanto os estados enfrentam uma grave crise financeira, com investimentos em baixa e sal\u00e1rios de servidores sem reajuste.<\/p>\n\n\n\n<p>Diz o deputado Targino Machado (DEM), l\u00edder da oposi\u00e7\u00e3o na Assembleia Legislativa da Bahia: \u201cEles [governadores] criaram uma esp\u00e9cie de poder paralelo frente ao governo federal, mas no fundo querem apenas aparecer. N\u00e3o tem como dar certo\u201d.<\/p>\n","protected":false},"excerpt":{"rendered":"<p>Em contraponto \u00e0 gest\u00e3o do presidente Jair Bolsonaro (PSL), eles se uniram em torno de um projeto comum e come\u00e7am a consolidar um novo polo&hellip; <\/p>\n","protected":false},"author":1,"featured_media":108585,"comment_status":"closed","ping_status":"closed","sticky":false,"template":"","format":"standard","meta":{"sfsi_plus_gutenberg_text_before_share":"","sfsi_plus_gutenberg_show_text_before_share":"","sfsi_plus_gutenberg_icon_type":"","sfsi_plus_gutenberg_icon_alignemt":"","sfsi_plus_gutenburg_max_per_row":"","footnotes":""},"categories":[50,11],"tags":[],"class_list":["post-108584","post","type-post","status-publish","format-standard","has-post-thumbnail","hentry","category-destaque","category-politica"],"_links":{"self":[{"href":"https:\/\/www.caririemacao.com\/1\/wp-json\/wp\/v2\/posts\/108584","targetHints":{"allow":["GET"]}}],"collection":[{"href":"https:\/\/www.caririemacao.com\/1\/wp-json\/wp\/v2\/posts"}],"about":[{"href":"https:\/\/www.caririemacao.com\/1\/wp-json\/wp\/v2\/types\/post"}],"author":[{"embeddable":true,"href":"https:\/\/www.caririemacao.com\/1\/wp-json\/wp\/v2\/users\/1"}],"replies":[{"embeddable":true,"href":"https:\/\/www.caririemacao.com\/1\/wp-json\/wp\/v2\/comments?post=108584"}],"version-history":[{"count":1,"href":"https:\/\/www.caririemacao.com\/1\/wp-json\/wp\/v2\/posts\/108584\/revisions"}],"predecessor-version":[{"id":108586,"href":"https:\/\/www.caririemacao.com\/1\/wp-json\/wp\/v2\/posts\/108584\/revisions\/108586"}],"wp:featuredmedia":[{"embeddable":true,"href":"https:\/\/www.caririemacao.com\/1\/wp-json\/wp\/v2\/media\/108585"}],"wp:attachment":[{"href":"https:\/\/www.caririemacao.com\/1\/wp-json\/wp\/v2\/media?parent=108584"}],"wp:term":[{"taxonomy":"category","embeddable":true,"href":"https:\/\/www.caririemacao.com\/1\/wp-json\/wp\/v2\/categories?post=108584"},{"taxonomy":"post_tag","embeddable":true,"href":"https:\/\/www.caririemacao.com\/1\/wp-json\/wp\/v2\/tags?post=108584"}],"curies":[{"name":"wp","href":"https:\/\/api.w.org\/{rel}","templated":true}]}}