{"id":108603,"date":"2019-08-05T10:02:17","date_gmt":"2019-08-05T13:02:17","guid":{"rendered":"http:\/\/www.caririemacao.com\/1\/?p=108603"},"modified":"2019-08-05T10:02:17","modified_gmt":"2019-08-05T13:02:17","slug":"terremoto-e-registrado-no-atlantico-proximo-a-costa-do-nordeste-brasileiro","status":"publish","type":"post","link":"https:\/\/www.caririemacao.com\/1\/2019\/08\/05\/terremoto-e-registrado-no-atlantico-proximo-a-costa-do-nordeste-brasileiro\/","title":{"rendered":"Terremoto \u00e9 registrado no Atl\u00e2ntico, pr\u00f3ximo a costa do nordeste brasileiro"},"content":{"rendered":"\n<p>Um terremoto de magnitude 5.8 atingiu o oceano Atl\u00e2ntico na noite deste domingo (4). Segundo informa\u00e7\u00f5es preliminares, o tremor ocorreu na regi\u00e3o do oceano pr\u00f3ximo ao nordeste do Brasil.&nbsp;De acordo com o site de monitoramento de fen\u00f4menos naturais, Apolo 11, o tremor foi registrado a 10 quil\u00f4metros de profundidade e atingiu 5.8 de magnitude \u2013 considerada de classe moderada.&nbsp;O epicentro ocorreu a 1.191 quil\u00f4metros da capital de Jo\u00e3o Pessoa, na Para\u00edba.&nbsp;O assunto foi o mais comentado pelos usu\u00e1rios do twitter que chegaram a cogitar uma dr\u00e1stica altera\u00e7\u00e3o no movimento do mar que banha a costa brasileira, ou ainda, a forma\u00e7\u00e3o de um tsunami.<\/p>\n","protected":false},"excerpt":{"rendered":"<p>Um terremoto de magnitude 5.8 atingiu o oceano Atl\u00e2ntico na noite deste domingo (4). Segundo informa\u00e7\u00f5es preliminares, o tremor ocorreu na regi\u00e3o do oceano pr\u00f3ximo&hellip; <\/p>\n","protected":false},"author":1,"featured_media":108604,"comment_status":"closed","ping_status":"closed","sticky":false,"template":"","format":"standard","meta":{"sfsi_plus_gutenberg_text_before_share":"","sfsi_plus_gutenberg_show_text_before_share":"","sfsi_plus_gutenberg_icon_type":"","sfsi_plus_gutenberg_icon_alignemt":"","sfsi_plus_gutenburg_max_per_row":"","footnotes":""},"categories":[50,2],"tags":[],"class_list":["post-108603","post","type-post","status-publish","format-standard","has-post-thumbnail","hentry","category-destaque","category-geral"],"_links":{"self":[{"href":"https:\/\/www.caririemacao.com\/1\/wp-json\/wp\/v2\/posts\/108603","targetHints":{"allow":["GET"]}}],"collection":[{"href":"https:\/\/www.caririemacao.com\/1\/wp-json\/wp\/v2\/posts"}],"about":[{"href":"https:\/\/www.caririemacao.com\/1\/wp-json\/wp\/v2\/types\/post"}],"author":[{"embeddable":true,"href":"https:\/\/www.caririemacao.com\/1\/wp-json\/wp\/v2\/users\/1"}],"replies":[{"embeddable":true,"href":"https:\/\/www.caririemacao.com\/1\/wp-json\/wp\/v2\/comments?post=108603"}],"version-history":[{"count":1,"href":"https:\/\/www.caririemacao.com\/1\/wp-json\/wp\/v2\/posts\/108603\/revisions"}],"predecessor-version":[{"id":108605,"href":"https:\/\/www.caririemacao.com\/1\/wp-json\/wp\/v2\/posts\/108603\/revisions\/108605"}],"wp:featuredmedia":[{"embeddable":true,"href":"https:\/\/www.caririemacao.com\/1\/wp-json\/wp\/v2\/media\/108604"}],"wp:attachment":[{"href":"https:\/\/www.caririemacao.com\/1\/wp-json\/wp\/v2\/media?parent=108603"}],"wp:term":[{"taxonomy":"category","embeddable":true,"href":"https:\/\/www.caririemacao.com\/1\/wp-json\/wp\/v2\/categories?post=108603"},{"taxonomy":"post_tag","embeddable":true,"href":"https:\/\/www.caririemacao.com\/1\/wp-json\/wp\/v2\/tags?post=108603"}],"curies":[{"name":"wp","href":"https:\/\/api.w.org\/{rel}","templated":true}]}}