{"id":108612,"date":"2019-08-05T10:06:42","date_gmt":"2019-08-05T13:06:42","guid":{"rendered":"http:\/\/www.caririemacao.com\/1\/?p=108612"},"modified":"2019-08-05T10:06:42","modified_gmt":"2019-08-05T13:06:42","slug":"cec-recebe-visita-de-andre-almeida-o-gota-serena-delicinha-veja-os-videos","status":"publish","type":"post","link":"https:\/\/www.caririemacao.com\/1\/2019\/08\/05\/cec-recebe-visita-de-andre-almeida-o-gota-serena-delicinha-veja-os-videos\/","title":{"rendered":"CEC recebe visita de Andr\u00e9 Almeida, o \u201cGota Serena, Delicinha\u201d. Veja os v\u00eddeos"},"content":{"rendered":"\n<figure><iframe height=\"567\" data-src=\"https:\/\/www.facebook.com\/plugins\/post.php?href=https%3A%2F%2Fwww.facebook.com%2FCicerorobertos%2Fposts%2F2277012785685656&amp;width=500\" width=\"500\" src=\"data:image\/svg+xml;base64,PHN2ZyB3aWR0aD0iMSIgaGVpZ2h0PSIxIiB4bWxucz0iaHR0cDovL3d3dy53My5vcmcvMjAwMC9zdmciPjwvc3ZnPg==\" class=\"lazyload\" data-load-mode=\"1\"><\/iframe><\/figure>\n\n\n\n<p><\/p>\n\n\n\n<figure><iframe allowfullscreen=\"true\" height=\"476\" data-src=\"https:\/\/www.facebook.com\/plugins\/video.php?href=https%3A%2F%2Fwww.facebook.com%2FCicerorobertos%2Fvideos%2F2277009785685956%2F&amp;show_text=0&amp;width=269\" width=\"269\" src=\"data:image\/svg+xml;base64,PHN2ZyB3aWR0aD0iMSIgaGVpZ2h0PSIxIiB4bWxucz0iaHR0cDovL3d3dy53My5vcmcvMjAwMC9zdmciPjwvc3ZnPg==\" class=\"lazyload\" data-load-mode=\"1\"><\/iframe><\/figure>\n\n\n\n<p>O CEC Educacional recebeu neste s\u00e1bado (03) a visita descontra\u00edda do humorista e influencer Andr\u00e9 Almeida, um dos maiores sucessos da atualidade nas redes sociais e memes em todo o Brasil.<br>Andr\u00e9 conheceu toda a estrutura do CEC Educacional, e espalhou irrever\u00eancia no contato direto com alunos, professores e funcion\u00e1rios da institui\u00e7\u00e3o.<br>Acompanhado do diretor C\u00edcero Roberto, o influencer n\u00e3o perdeu tempo, e comprovou atrav\u00e9s de recados, a qualidade e estrutura do CEC, a Escola que eu Quero estudar.<br><\/p>\n\n\n\n<p>F\u00c1BIO BRITO<\/p>\n","protected":false},"excerpt":{"rendered":"<p>O CEC Educacional recebeu neste s\u00e1bado (03) a visita descontra\u00edda do humorista e influencer Andr\u00e9 Almeida, um dos maiores sucessos da atualidade nas redes sociais&hellip; <\/p>\n","protected":false},"author":1,"featured_media":108613,"comment_status":"closed","ping_status":"closed","sticky":false,"template":"","format":"standard","meta":{"sfsi_plus_gutenberg_text_before_share":"","sfsi_plus_gutenberg_show_text_before_share":"","sfsi_plus_gutenberg_icon_type":"","sfsi_plus_gutenberg_icon_alignemt":"","sfsi_plus_gutenburg_max_per_row":"","footnotes":""},"categories":[2],"tags":[],"class_list":["post-108612","post","type-post","status-publish","format-standard","has-post-thumbnail","hentry","category-geral"],"_links":{"self":[{"href":"https:\/\/www.caririemacao.com\/1\/wp-json\/wp\/v2\/posts\/108612","targetHints":{"allow":["GET"]}}],"collection":[{"href":"https:\/\/www.caririemacao.com\/1\/wp-json\/wp\/v2\/posts"}],"about":[{"href":"https:\/\/www.caririemacao.com\/1\/wp-json\/wp\/v2\/types\/post"}],"author":[{"embeddable":true,"href":"https:\/\/www.caririemacao.com\/1\/wp-json\/wp\/v2\/users\/1"}],"replies":[{"embeddable":true,"href":"https:\/\/www.caririemacao.com\/1\/wp-json\/wp\/v2\/comments?post=108612"}],"version-history":[{"count":1,"href":"https:\/\/www.caririemacao.com\/1\/wp-json\/wp\/v2\/posts\/108612\/revisions"}],"predecessor-version":[{"id":108614,"href":"https:\/\/www.caririemacao.com\/1\/wp-json\/wp\/v2\/posts\/108612\/revisions\/108614"}],"wp:featuredmedia":[{"embeddable":true,"href":"https:\/\/www.caririemacao.com\/1\/wp-json\/wp\/v2\/media\/108613"}],"wp:attachment":[{"href":"https:\/\/www.caririemacao.com\/1\/wp-json\/wp\/v2\/media?parent=108612"}],"wp:term":[{"taxonomy":"category","embeddable":true,"href":"https:\/\/www.caririemacao.com\/1\/wp-json\/wp\/v2\/categories?post=108612"},{"taxonomy":"post_tag","embeddable":true,"href":"https:\/\/www.caririemacao.com\/1\/wp-json\/wp\/v2\/tags?post=108612"}],"curies":[{"name":"wp","href":"https:\/\/api.w.org\/{rel}","templated":true}]}}