{"id":108616,"date":"2019-08-05T15:56:30","date_gmt":"2019-08-05T18:56:30","guid":{"rendered":"http:\/\/www.caririemacao.com\/1\/?p=108616"},"modified":"2019-08-05T15:56:30","modified_gmt":"2019-08-05T18:56:30","slug":"em-pleno-feriado-prefeito-sandro-moco-e-equipe-realizam-acao-de-limpeza-urbana-alem-de-servicos-de-melhoria-de-iluminacao-publica","status":"publish","type":"post","link":"https:\/\/www.caririemacao.com\/1\/2019\/08\/05\/em-pleno-feriado-prefeito-sandro-moco-e-equipe-realizam-acao-de-limpeza-urbana-alem-de-servicos-de-melhoria-de-iluminacao-publica\/","title":{"rendered":"Em pleno feriado, Prefeito Sandro M\u00f4co e equipe realizam a\u00e7\u00e3o de limpeza urbana, alem de servi\u00e7os de melhoria de ilumina\u00e7\u00e3o p\u00fablica"},"content":{"rendered":"\n<p>A prefeitura de Camala\u00fa est\u00e1 realizando neste in\u00edcio de semana uma s\u00e9rie de a\u00e7\u00f5es importantes de infraestrutura para melhorar a qualidade de vida dos moradores.<br>Ignorando o feriado estadual e de forma incans\u00e1vel, o prefeito Sandro M\u00f4co viabilizou e comandou pessoalmente, uma opera\u00e7\u00e3o de limpeza das vias p\u00fablicas, retirando toda a terra que foi trazida com as fortes chuvas.<br><\/p>\n\n\n\n<figure class=\"wp-block-image\"><a href=\"https:\/\/scontent.fcpv1-1.fna.fbcdn.net\/v\/t1.0-9\/67511866_1692810477515982_3408523803163099136_n.jpg?_nc_cat=105&amp;_nc_oc=AQnB8skOwVJ1ZrKCM-q3yDxTFR_eOQTUsWJyp4Jpvm7J8Pbrq3uD7SIUF_WKYwCzuwk&amp;_nc_ht=scontent.fcpv1-1.fna&amp;oh=e765fc84a0836d368f3d2137a809845e&amp;oe=5DA3A9D6\"><img decoding=\"async\" data-src=\"https:\/\/scontent.fcpv1-1.fna.fbcdn.net\/v\/t1.0-9\/67511866_1692810477515982_3408523803163099136_n.jpg?_nc_cat=105&amp;_nc_oc=AQnB8skOwVJ1ZrKCM-q3yDxTFR_eOQTUsWJyp4Jpvm7J8Pbrq3uD7SIUF_WKYwCzuwk&amp;_nc_ht=scontent.fcpv1-1.fna&amp;oh=e765fc84a0836d368f3d2137a809845e&amp;oe=5DA3A9D6\" alt=\"A imagem pode conter: nuvem, c\u00c3\u00a9u e atividades ao ar livre\" src=\"data:image\/svg+xml;base64,PHN2ZyB3aWR0aD0iMSIgaGVpZ2h0PSIxIiB4bWxucz0iaHR0cDovL3d3dy53My5vcmcvMjAwMC9zdmciPjwvc3ZnPg==\" class=\"lazyload\" \/><\/a><\/figure>\n\n\n\n<p>Ao mesmo tempo tamb\u00e9m est\u00e1 sendo realizada uma a\u00e7\u00e3o de melhorias na ilumina\u00e7\u00e3o p\u00fablica com consertos na rede el\u00e9trica nas alturas da Rua Jos\u00e9 Mariano de Farias e uma extens\u00e3o de rede na Rua Pedro Jos\u00e9 de Assis.<br>\u201cPara a nossa gest\u00e3o n\u00e3o tem feriado. Trabalhamos sem dia e nem hora para buscar as melhorias que nossa popula\u00e7\u00e3o precisa e merece\u201d, disse o prefeito Sandro M\u00f4co.<br>F\u00c1BIO BRITOFOTOS: TINDA OLIVEIRA<\/p>\n","protected":false},"excerpt":{"rendered":"<p>A prefeitura de Camala\u00fa est\u00e1 realizando neste in\u00edcio de semana uma s\u00e9rie de a\u00e7\u00f5es importantes de infraestrutura para melhorar a qualidade de vida dos moradores.Ignorando&hellip; <\/p>\n","protected":false},"author":1,"featured_media":108617,"comment_status":"closed","ping_status":"closed","sticky":false,"template":"","format":"standard","meta":{"sfsi_plus_gutenberg_text_before_share":"","sfsi_plus_gutenberg_show_text_before_share":"","sfsi_plus_gutenberg_icon_type":"","sfsi_plus_gutenberg_icon_alignemt":"","sfsi_plus_gutenburg_max_per_row":"","footnotes":""},"categories":[6,50],"tags":[],"class_list":["post-108616","post","type-post","status-publish","format-standard","has-post-thumbnail","hentry","category-cidades","category-destaque"],"_links":{"self":[{"href":"https:\/\/www.caririemacao.com\/1\/wp-json\/wp\/v2\/posts\/108616","targetHints":{"allow":["GET"]}}],"collection":[{"href":"https:\/\/www.caririemacao.com\/1\/wp-json\/wp\/v2\/posts"}],"about":[{"href":"https:\/\/www.caririemacao.com\/1\/wp-json\/wp\/v2\/types\/post"}],"author":[{"embeddable":true,"href":"https:\/\/www.caririemacao.com\/1\/wp-json\/wp\/v2\/users\/1"}],"replies":[{"embeddable":true,"href":"https:\/\/www.caririemacao.com\/1\/wp-json\/wp\/v2\/comments?post=108616"}],"version-history":[{"count":1,"href":"https:\/\/www.caririemacao.com\/1\/wp-json\/wp\/v2\/posts\/108616\/revisions"}],"predecessor-version":[{"id":108618,"href":"https:\/\/www.caririemacao.com\/1\/wp-json\/wp\/v2\/posts\/108616\/revisions\/108618"}],"wp:featuredmedia":[{"embeddable":true,"href":"https:\/\/www.caririemacao.com\/1\/wp-json\/wp\/v2\/media\/108617"}],"wp:attachment":[{"href":"https:\/\/www.caririemacao.com\/1\/wp-json\/wp\/v2\/media?parent=108616"}],"wp:term":[{"taxonomy":"category","embeddable":true,"href":"https:\/\/www.caririemacao.com\/1\/wp-json\/wp\/v2\/categories?post=108616"},{"taxonomy":"post_tag","embeddable":true,"href":"https:\/\/www.caririemacao.com\/1\/wp-json\/wp\/v2\/tags?post=108616"}],"curies":[{"name":"wp","href":"https:\/\/api.w.org\/{rel}","templated":true}]}}