{"id":108622,"date":"2019-08-05T15:57:48","date_gmt":"2019-08-05T18:57:48","guid":{"rendered":"http:\/\/www.caririemacao.com\/1\/?p=108622"},"modified":"2019-08-05T15:57:48","modified_gmt":"2019-08-05T18:57:48","slug":"nasce-a-filha-da-prefeita-anna-lorena-com-o-empresario-felipe-lago","status":"publish","type":"post","link":"https:\/\/www.caririemacao.com\/1\/2019\/08\/05\/nasce-a-filha-da-prefeita-anna-lorena-com-o-empresario-felipe-lago\/","title":{"rendered":"Nasce a filha da prefeita Anna Lorena com o empres\u00e1rio Felipe Lago"},"content":{"rendered":"\n<p>Nasceu na manh\u00e3 desta segunda-feira, dia 5 de agosto, a filha da prefeita de Monteiro Anna Lorena, com o seu esposo, o empres\u00e1rio campinense Felipe Lago.<br>A pequena Luiza, nasceu em uma unidade de sa\u00fade de Campina Grande. O parto ocorreu dentro da normalidade, e a crian\u00e7a nasceu com 3680 g.&nbsp;Nas redes sociais, amigos e familiares comemoram a chegada da filha do casal.<br>No \u00faltimo s\u00e1bado, 3, a prefeita Anna Lorena havia anunciado sua licen\u00e7a maternidade no per\u00edodo de 05 de agosto a 06 de setembro de 2019, sendo aprovada pela C\u00e2mara Municipal de Monteiro.&nbsp;O vice-prefeito, Celecileno Alves, assume o cargo durante a licen\u00e7a.&nbsp;<br>Anna Lorena disse ainda que tem uma imensa confian\u00e7a no vice-prefeito Cel\u00e9 e em toda sua equipe na condu\u00e7\u00e3o da gest\u00e3o durante esse per\u00edodo de licen\u00e7a.<\/p>\n","protected":false},"excerpt":{"rendered":"<p>Nasceu na manh\u00e3 desta segunda-feira, dia 5 de agosto, a filha da prefeita de Monteiro Anna Lorena, com o seu esposo, o empres\u00e1rio campinense Felipe&hellip; <\/p>\n","protected":false},"author":1,"featured_media":108623,"comment_status":"closed","ping_status":"closed","sticky":false,"template":"","format":"standard","meta":{"sfsi_plus_gutenberg_text_before_share":"","sfsi_plus_gutenberg_show_text_before_share":"","sfsi_plus_gutenberg_icon_type":"","sfsi_plus_gutenberg_icon_alignemt":"","sfsi_plus_gutenburg_max_per_row":"","footnotes":""},"categories":[2],"tags":[],"class_list":["post-108622","post","type-post","status-publish","format-standard","has-post-thumbnail","hentry","category-geral"],"_links":{"self":[{"href":"https:\/\/www.caririemacao.com\/1\/wp-json\/wp\/v2\/posts\/108622","targetHints":{"allow":["GET"]}}],"collection":[{"href":"https:\/\/www.caririemacao.com\/1\/wp-json\/wp\/v2\/posts"}],"about":[{"href":"https:\/\/www.caririemacao.com\/1\/wp-json\/wp\/v2\/types\/post"}],"author":[{"embeddable":true,"href":"https:\/\/www.caririemacao.com\/1\/wp-json\/wp\/v2\/users\/1"}],"replies":[{"embeddable":true,"href":"https:\/\/www.caririemacao.com\/1\/wp-json\/wp\/v2\/comments?post=108622"}],"version-history":[{"count":1,"href":"https:\/\/www.caririemacao.com\/1\/wp-json\/wp\/v2\/posts\/108622\/revisions"}],"predecessor-version":[{"id":108624,"href":"https:\/\/www.caririemacao.com\/1\/wp-json\/wp\/v2\/posts\/108622\/revisions\/108624"}],"wp:featuredmedia":[{"embeddable":true,"href":"https:\/\/www.caririemacao.com\/1\/wp-json\/wp\/v2\/media\/108623"}],"wp:attachment":[{"href":"https:\/\/www.caririemacao.com\/1\/wp-json\/wp\/v2\/media?parent=108622"}],"wp:term":[{"taxonomy":"category","embeddable":true,"href":"https:\/\/www.caririemacao.com\/1\/wp-json\/wp\/v2\/categories?post=108622"},{"taxonomy":"post_tag","embeddable":true,"href":"https:\/\/www.caririemacao.com\/1\/wp-json\/wp\/v2\/tags?post=108622"}],"curies":[{"name":"wp","href":"https:\/\/api.w.org\/{rel}","templated":true}]}}