{"id":108631,"date":"2019-08-05T16:02:07","date_gmt":"2019-08-05T19:02:07","guid":{"rendered":"http:\/\/www.caririemacao.com\/1\/?p=108631"},"modified":"2019-08-05T16:02:07","modified_gmt":"2019-08-05T19:02:07","slug":"apos-terremoto-laboratorio-descarta-possibilidade-de-tsunami-no-nordeste-do-brasil","status":"publish","type":"post","link":"https:\/\/www.caririemacao.com\/1\/2019\/08\/05\/apos-terremoto-laboratorio-descarta-possibilidade-de-tsunami-no-nordeste-do-brasil\/","title":{"rendered":"Ap\u00f3s terremoto, laborat\u00f3rio descarta possibilidade de tsunami no Nordeste do Brasil"},"content":{"rendered":"\n<div class=\"wp-block-image\"><figure class=\"aligncenter\"><img decoding=\"async\" data-src=\"http:\/\/deolhonocariri.com.br\/wp-content\/uploads\/2019\/08\/csm_natal-cabo-verde-maps2_25a3b02868-600x401.jpg\" alt=\"\" class=\"wp-image-69936 lazyload\" src=\"data:image\/svg+xml;base64,PHN2ZyB3aWR0aD0iMSIgaGVpZ2h0PSIxIiB4bWxucz0iaHR0cDovL3d3dy53My5vcmcvMjAwMC9zdmciPjwvc3ZnPg==\" style=\"--smush-placeholder-width: 600px; --smush-placeholder-aspect-ratio: 600\/401;\" \/><\/figure><\/div>\n\n\n\n<p>O terremoto de magnitude 5.8 registrado neste domingo (4), no oceano Atl\u00e2ntico, a cerca de 1.191 km da costa da Para\u00edba, gerou rumores sobre a possibilidade de um tsunami atingir o nordeste brasileiro.<\/p>\n\n\n\n<p>Diversas ilhas do Pac\u00edfico e pa\u00edses insulares da \u00c1sia s\u00e3o assolados por ondas e inunda\u00e7\u00f5es oce\u00e2nicas de grandes propor\u00e7\u00f5es, causadas por tremores e terremotos subaqu\u00e1ticos.<\/p>\n\n\n\n<p>Contudo, o Laborat\u00f3rio Sismol\u00f3gico da Universidade Federal do Rio Grande do Norte (LabSis\/UFRN) confirmou ao portal TNH1&nbsp;que n\u00e3o h\u00e1 possibilidade de tsunami no Brasil.<\/p>\n\n\n\n<p>De acordo com o t\u00e9cnico Eduardo Menezes, do Labsis, os tremores no oceano s\u00e3o frequentes, quase di\u00e1rios, e n\u00e3o devem gerar preocupa\u00e7\u00f5es.<\/p>\n\n\n\n<p>\u201cEssa regi\u00e3o fica exatamente na borda da placa sulamericana, no Oceano Atl\u00e2ntico, entre o Brasil e a \u00c1frica. N\u00e3o \u00e9 que n\u00e3o possa gerar [tsunami], mas se fosse mais pr\u00f3ximo do continente, haveria maior risco\u201d, explicou em entrevista ao TNH1.<\/p>\n\n\n\n<p>Outro motivo por que os tremores nessa regi\u00e3o n\u00e3o s\u00e3o perigosos para a costa brasileira \u00e9 o tipo de movimento feito pelas placas tect\u00f4nicas. \u201cOs tremores nessa regi\u00e3o s\u00e3o transcorrentes; devido ao tipo de falha geol\u00f3gica, as placas deslizam uma em rela\u00e7\u00e3o a outra. Em outras regi\u00f5es, por exemplo, no lado do Pac\u00edfico, [o movimento \u00e9] subduc\u00e7\u00e3o, quando uma placa mergulha em rela\u00e7\u00e3o a outra e isso gera ondas\u201d, conclui.<\/p>\n\n\n\n<p><em>Com informa\u00e7\u00f5es do TNH1<\/em><\/p>\n","protected":false},"excerpt":{"rendered":"<p>O terremoto de magnitude 5.8 registrado neste domingo (4), no oceano Atl\u00e2ntico, a cerca de 1.191 km da costa da Para\u00edba, gerou rumores sobre a&hellip; <\/p>\n","protected":false},"author":1,"featured_media":108632,"comment_status":"closed","ping_status":"closed","sticky":false,"template":"","format":"standard","meta":{"sfsi_plus_gutenberg_text_before_share":"","sfsi_plus_gutenberg_show_text_before_share":"","sfsi_plus_gutenberg_icon_type":"","sfsi_plus_gutenberg_icon_alignemt":"","sfsi_plus_gutenburg_max_per_row":"","footnotes":""},"categories":[50,2],"tags":[],"class_list":["post-108631","post","type-post","status-publish","format-standard","has-post-thumbnail","hentry","category-destaque","category-geral"],"_links":{"self":[{"href":"https:\/\/www.caririemacao.com\/1\/wp-json\/wp\/v2\/posts\/108631","targetHints":{"allow":["GET"]}}],"collection":[{"href":"https:\/\/www.caririemacao.com\/1\/wp-json\/wp\/v2\/posts"}],"about":[{"href":"https:\/\/www.caririemacao.com\/1\/wp-json\/wp\/v2\/types\/post"}],"author":[{"embeddable":true,"href":"https:\/\/www.caririemacao.com\/1\/wp-json\/wp\/v2\/users\/1"}],"replies":[{"embeddable":true,"href":"https:\/\/www.caririemacao.com\/1\/wp-json\/wp\/v2\/comments?post=108631"}],"version-history":[{"count":1,"href":"https:\/\/www.caririemacao.com\/1\/wp-json\/wp\/v2\/posts\/108631\/revisions"}],"predecessor-version":[{"id":108633,"href":"https:\/\/www.caririemacao.com\/1\/wp-json\/wp\/v2\/posts\/108631\/revisions\/108633"}],"wp:featuredmedia":[{"embeddable":true,"href":"https:\/\/www.caririemacao.com\/1\/wp-json\/wp\/v2\/media\/108632"}],"wp:attachment":[{"href":"https:\/\/www.caririemacao.com\/1\/wp-json\/wp\/v2\/media?parent=108631"}],"wp:term":[{"taxonomy":"category","embeddable":true,"href":"https:\/\/www.caririemacao.com\/1\/wp-json\/wp\/v2\/categories?post=108631"},{"taxonomy":"post_tag","embeddable":true,"href":"https:\/\/www.caririemacao.com\/1\/wp-json\/wp\/v2\/tags?post=108631"}],"curies":[{"name":"wp","href":"https:\/\/api.w.org\/{rel}","templated":true}]}}