{"id":108638,"date":"2019-08-05T16:04:26","date_gmt":"2019-08-05T19:04:26","guid":{"rendered":"http:\/\/www.caririemacao.com\/1\/?p=108638"},"modified":"2019-08-05T16:04:26","modified_gmt":"2019-08-05T19:04:26","slug":"casal-e-preso-e-sao-suspeitos-de-assassinar-filho-de-quatro-anos-no-sertao-do-pernambuco","status":"publish","type":"post","link":"https:\/\/www.caririemacao.com\/1\/2019\/08\/05\/casal-e-preso-e-sao-suspeitos-de-assassinar-filho-de-quatro-anos-no-sertao-do-pernambuco\/","title":{"rendered":"Casal \u00e9 preso e s\u00e3o suspeitos de assassinar filho de quatro anos no sert\u00e3o do Pernambuco"},"content":{"rendered":"\n<p>Um Menino de 4 anos que estava desaparecido desde a \u00faltima feira (2), foi encontrado morto no s\u00e1bado (03) em um matagal no Residencial Maria de F\u00e1tima, em Arcoverde, no Sert\u00e3o de Pernambuco.<\/p>\n\n\n\n<p>Ainda no local do levantamento cadav\u00e9rico a pol\u00edcia civil desvendou a morte do menino, e prendeu os seus pais identificados como sendo Andreia Alexandre da Silva, 34 anos, Jos\u00e9 Evandro de Lima, 35 anos, que foram presos em flagrante e conduzido \u00e0 Delegacia.<\/p>\n\n\n\n<p>Na Delegacia Jos\u00e9 Evandro, negou ter agredido a v\u00edtima, mesmo diante do conjunto de per\u00edcias realizadas, que demonstraram a presen\u00e7a de sangue no interior da resid\u00eancia, bem como de les\u00f5es na cabe\u00e7a da crian\u00e7a, mas confessou t\u00ea-la asfixiada, e deixado-a na \u00e1rea de mata, mas n\u00e3o informou que tinha o interesse de matar a crian\u00e7a.<\/p>\n\n\n\n<p>O Delegado Israel Rubis, solicitou que fossem feitas as per\u00edcias no local onde a crian\u00e7a fora encontrada, e no im\u00f3vel da resid\u00eancia onde a v\u00edtima vivia com seus pais, no Residencial Maria de F\u00e1tima Freire, Quadra 17, n\u00famero 52. No local de crime, o Setor de Per\u00edcias Criminais da URPOC\/Arcoverde realizou a per\u00edcia peritanatosc\u00f3pica, fazendo coleta de material gen\u00e9tico, e teste FOB, para a presen\u00e7a de sangue humano, e na resid\u00eancia, no endere\u00e7o acima citado, foi aplicado luminol, com aus\u00eancia de luz incidente, sendo detectadas v\u00e1rias marcas de sangue humano, demonstrando que, antes de ser morta, a crian\u00e7a (v\u00edtima) foi barbaramente espancada.<\/p>\n\n\n\n<p>O pai, do menino, ainda chegou a citar o nome de&nbsp; um terceiro envolvido, o qual teria queimado a crian\u00e7a com um cigarro, e ajudado na conduta criminosa, no entanto, posteriormente, negou a participa\u00e7\u00e3o deste terceiro.&nbsp; &nbsp;conduta acima narrada chocou a cidade de Arcoverde, em virtude de ser uma morte de uma crian\u00e7a indefesa, e que era filho do casal, mas que, tamb\u00e9m, vinha sofrendo viol\u00eancia f\u00edsica e sexual, j\u00e1 que segundo a m\u00e3e do menino, o autor do fato abusava sexualmente de , e de duas outras filhas menores, e que, inclusive, j\u00e1 teria feito sexo anal com a v\u00edtima cinco ou mais vezes, demonstrando um contexto de uma fam\u00edlia desestruturada, e sem norte de valores.<\/p>\n\n\n\n<p>Os pais de Wellington foram autuado em flagrante e ser\u00e3o apresentados em audi\u00eancia de cust\u00f3dia.<em>Com Portal Agreste em Alerta<\/em><\/p>\n","protected":false},"excerpt":{"rendered":"<p>Um Menino de 4 anos que estava desaparecido desde a \u00faltima feira (2), foi encontrado morto no s\u00e1bado (03) em um matagal no Residencial Maria&hellip; <\/p>\n","protected":false},"author":1,"featured_media":108639,"comment_status":"closed","ping_status":"closed","sticky":false,"template":"","format":"standard","meta":{"sfsi_plus_gutenberg_text_before_share":"","sfsi_plus_gutenberg_show_text_before_share":"","sfsi_plus_gutenberg_icon_type":"","sfsi_plus_gutenberg_icon_alignemt":"","sfsi_plus_gutenburg_max_per_row":"","footnotes":""},"categories":[12],"tags":[],"class_list":["post-108638","post","type-post","status-publish","format-standard","has-post-thumbnail","hentry","category-policia"],"_links":{"self":[{"href":"https:\/\/www.caririemacao.com\/1\/wp-json\/wp\/v2\/posts\/108638","targetHints":{"allow":["GET"]}}],"collection":[{"href":"https:\/\/www.caririemacao.com\/1\/wp-json\/wp\/v2\/posts"}],"about":[{"href":"https:\/\/www.caririemacao.com\/1\/wp-json\/wp\/v2\/types\/post"}],"author":[{"embeddable":true,"href":"https:\/\/www.caririemacao.com\/1\/wp-json\/wp\/v2\/users\/1"}],"replies":[{"embeddable":true,"href":"https:\/\/www.caririemacao.com\/1\/wp-json\/wp\/v2\/comments?post=108638"}],"version-history":[{"count":1,"href":"https:\/\/www.caririemacao.com\/1\/wp-json\/wp\/v2\/posts\/108638\/revisions"}],"predecessor-version":[{"id":108640,"href":"https:\/\/www.caririemacao.com\/1\/wp-json\/wp\/v2\/posts\/108638\/revisions\/108640"}],"wp:featuredmedia":[{"embeddable":true,"href":"https:\/\/www.caririemacao.com\/1\/wp-json\/wp\/v2\/media\/108639"}],"wp:attachment":[{"href":"https:\/\/www.caririemacao.com\/1\/wp-json\/wp\/v2\/media?parent=108638"}],"wp:term":[{"taxonomy":"category","embeddable":true,"href":"https:\/\/www.caririemacao.com\/1\/wp-json\/wp\/v2\/categories?post=108638"},{"taxonomy":"post_tag","embeddable":true,"href":"https:\/\/www.caririemacao.com\/1\/wp-json\/wp\/v2\/tags?post=108638"}],"curies":[{"name":"wp","href":"https:\/\/api.w.org\/{rel}","templated":true}]}}