{"id":108643,"date":"2019-08-05T16:19:51","date_gmt":"2019-08-05T19:19:51","guid":{"rendered":"http:\/\/www.caririemacao.com\/1\/?p=108643"},"modified":"2019-08-05T16:19:51","modified_gmt":"2019-08-05T19:19:51","slug":"cec-educacional-conaesp-inicia-novas-turmas-em-sao-jose-do-egito","status":"publish","type":"post","link":"https:\/\/www.caririemacao.com\/1\/2019\/08\/05\/cec-educacional-conaesp-inicia-novas-turmas-em-sao-jose-do-egito\/","title":{"rendered":"CEC EDUCACIONAL\/CONAESP inicia novas turmas em S\u00e3o Jos\u00e9 do Egito"},"content":{"rendered":"\n<p>No \u00faltimo s\u00e1bado aconteceu a Aula inaugural das primeiras turmas 2019.2 aos s\u00e1bados de enfermagem, radiologia, farm\u00e1cia e veterin\u00e1ria no polo CEC EDUCACIONAL\/ CONAESP em S\u00e3o Jos\u00e9 do Egito.<br>O polo \u00e9 fruto do processo de expans\u00e3o do CEC que abrange v\u00e1rias cidades do interior da Para\u00edba e tamb\u00e9m do estado de Pernambuco, sem contar no crescimento da sede em Monteiro, onde mais de mi alunos frequentam a institui\u00e7\u00e3o entre todas as modalidades de ensino.<br>Esta semana, o diretor do CEC professor C\u00edcero Roberto est\u00e1 em Fortaleza discutindo novas parcerias de fortalecimento da institui\u00e7\u00e3o, e novidades devem ser anunciadas a qualquer momento.<br><strong>F\u00c1BIO BRITO<\/strong><\/p>\n","protected":false},"excerpt":{"rendered":"<p>No \u00faltimo s\u00e1bado aconteceu a Aula inaugural das primeiras turmas 2019.2 aos s\u00e1bados de enfermagem, radiologia, farm\u00e1cia e veterin\u00e1ria no polo CEC EDUCACIONAL\/ CONAESP em&hellip; <\/p>\n","protected":false},"author":1,"featured_media":108648,"comment_status":"closed","ping_status":"closed","sticky":false,"template":"","format":"standard","meta":{"sfsi_plus_gutenberg_text_before_share":"","sfsi_plus_gutenberg_show_text_before_share":"","sfsi_plus_gutenberg_icon_type":"","sfsi_plus_gutenberg_icon_alignemt":"","sfsi_plus_gutenburg_max_per_row":"","footnotes":""},"categories":[14],"tags":[],"class_list":["post-108643","post","type-post","status-publish","format-standard","has-post-thumbnail","hentry","category-educacao"],"_links":{"self":[{"href":"https:\/\/www.caririemacao.com\/1\/wp-json\/wp\/v2\/posts\/108643","targetHints":{"allow":["GET"]}}],"collection":[{"href":"https:\/\/www.caririemacao.com\/1\/wp-json\/wp\/v2\/posts"}],"about":[{"href":"https:\/\/www.caririemacao.com\/1\/wp-json\/wp\/v2\/types\/post"}],"author":[{"embeddable":true,"href":"https:\/\/www.caririemacao.com\/1\/wp-json\/wp\/v2\/users\/1"}],"replies":[{"embeddable":true,"href":"https:\/\/www.caririemacao.com\/1\/wp-json\/wp\/v2\/comments?post=108643"}],"version-history":[{"count":1,"href":"https:\/\/www.caririemacao.com\/1\/wp-json\/wp\/v2\/posts\/108643\/revisions"}],"predecessor-version":[{"id":108649,"href":"https:\/\/www.caririemacao.com\/1\/wp-json\/wp\/v2\/posts\/108643\/revisions\/108649"}],"wp:featuredmedia":[{"embeddable":true,"href":"https:\/\/www.caririemacao.com\/1\/wp-json\/wp\/v2\/media\/108648"}],"wp:attachment":[{"href":"https:\/\/www.caririemacao.com\/1\/wp-json\/wp\/v2\/media?parent=108643"}],"wp:term":[{"taxonomy":"category","embeddable":true,"href":"https:\/\/www.caririemacao.com\/1\/wp-json\/wp\/v2\/categories?post=108643"},{"taxonomy":"post_tag","embeddable":true,"href":"https:\/\/www.caririemacao.com\/1\/wp-json\/wp\/v2\/tags?post=108643"}],"curies":[{"name":"wp","href":"https:\/\/api.w.org\/{rel}","templated":true}]}}