{"id":108645,"date":"2019-08-05T16:18:03","date_gmt":"2019-08-05T19:18:03","guid":{"rendered":"http:\/\/www.caririemacao.com\/1\/?p=108645"},"modified":"2019-08-05T16:18:03","modified_gmt":"2019-08-05T19:18:03","slug":"prefeito-jefferson-convida-populacao-para-audiencia-do-orcamento-democratico-municipal","status":"publish","type":"post","link":"https:\/\/www.caririemacao.com\/1\/2019\/08\/05\/prefeito-jefferson-convida-populacao-para-audiencia-do-orcamento-democratico-municipal\/","title":{"rendered":"Prefeito Jefferson convida popula\u00e7\u00e3o para Audi\u00eancia do Or\u00e7amento Democr\u00e1tico Municipal"},"content":{"rendered":"\n<p>O prefeito de S\u00e3o Jos\u00e9 dos Cordeiros, Jefferson Roberto, convida\ntoda a popula\u00e7\u00e3o para participar da audi\u00eancia p\u00fablica para\nelabora\u00e7\u00e3o do Or\u00e7amento Democr\u00e1tico Municipal 2020 que ser\u00e1 realizada nesta\nquarta-feira, dia 07, no Clube Asa Branca.<\/p>\n\n\n\n<p>Segundo o prefeito, o Or\u00e7amento Democr\u00e1tico\n\u00e9 um mecanismo governamental que permite aos cidad\u00e3os influenciar ou decidir\nsobre os or\u00e7amentos p\u00fablicos, em especial o or\u00e7amento de investimentos da\nPrefeitura de S\u00e3o Jos\u00e9 dos Cordeiros. Atrav\u00e9s de processos de participa\u00e7\u00e3o, a\ncomunidade decide em conjunto com o governo municipal em quais novos\ninvestimentos ser\u00e1 aplicada parcela dos recursos p\u00fablicos.&nbsp;<\/p>\n\n\n\n<p>\u201cA democracia participativa \u00e9 fundamental para sustentar\nqualquer projeto de mudan\u00e7as que tragam melhorias na vida da popula\u00e7\u00e3o. O nosso\nprojeto do ODM permite uma participa\u00e7\u00e3o completamente diferenciada do povo nas\ndecis\u00f5es relacionadas \u00e0s a\u00e7\u00f5es do Governo Municipal\u201d destacou. <\/p>\n","protected":false},"excerpt":{"rendered":"<p>O prefeito de S\u00e3o Jos\u00e9 dos Cordeiros, Jefferson Roberto, convida toda a popula\u00e7\u00e3o para participar da audi\u00eancia p\u00fablica para elabora\u00e7\u00e3o do Or\u00e7amento Democr\u00e1tico Municipal 2020&hellip; <\/p>\n","protected":false},"author":2,"featured_media":108646,"comment_status":"closed","ping_status":"closed","sticky":false,"template":"","format":"standard","meta":{"sfsi_plus_gutenberg_text_before_share":"","sfsi_plus_gutenberg_show_text_before_share":"","sfsi_plus_gutenberg_icon_type":"","sfsi_plus_gutenberg_icon_alignemt":"","sfsi_plus_gutenburg_max_per_row":"","footnotes":""},"categories":[6,50],"tags":[],"class_list":["post-108645","post","type-post","status-publish","format-standard","has-post-thumbnail","hentry","category-cidades","category-destaque"],"_links":{"self":[{"href":"https:\/\/www.caririemacao.com\/1\/wp-json\/wp\/v2\/posts\/108645","targetHints":{"allow":["GET"]}}],"collection":[{"href":"https:\/\/www.caririemacao.com\/1\/wp-json\/wp\/v2\/posts"}],"about":[{"href":"https:\/\/www.caririemacao.com\/1\/wp-json\/wp\/v2\/types\/post"}],"author":[{"embeddable":true,"href":"https:\/\/www.caririemacao.com\/1\/wp-json\/wp\/v2\/users\/2"}],"replies":[{"embeddable":true,"href":"https:\/\/www.caririemacao.com\/1\/wp-json\/wp\/v2\/comments?post=108645"}],"version-history":[{"count":1,"href":"https:\/\/www.caririemacao.com\/1\/wp-json\/wp\/v2\/posts\/108645\/revisions"}],"predecessor-version":[{"id":108647,"href":"https:\/\/www.caririemacao.com\/1\/wp-json\/wp\/v2\/posts\/108645\/revisions\/108647"}],"wp:featuredmedia":[{"embeddable":true,"href":"https:\/\/www.caririemacao.com\/1\/wp-json\/wp\/v2\/media\/108646"}],"wp:attachment":[{"href":"https:\/\/www.caririemacao.com\/1\/wp-json\/wp\/v2\/media?parent=108645"}],"wp:term":[{"taxonomy":"category","embeddable":true,"href":"https:\/\/www.caririemacao.com\/1\/wp-json\/wp\/v2\/categories?post=108645"},{"taxonomy":"post_tag","embeddable":true,"href":"https:\/\/www.caririemacao.com\/1\/wp-json\/wp\/v2\/tags?post=108645"}],"curies":[{"name":"wp","href":"https:\/\/api.w.org\/{rel}","templated":true}]}}