{"id":108654,"date":"2019-08-05T16:42:07","date_gmt":"2019-08-05T19:42:07","guid":{"rendered":"http:\/\/www.caririemacao.com\/1\/?p=108654"},"modified":"2019-08-05T16:42:07","modified_gmt":"2019-08-05T19:42:07","slug":"governador-joao-azevedo-anuncia-ampliacao-de-escolas-integrais-em-05-municipios-do-cariri-confira-quais-sao","status":"publish","type":"post","link":"https:\/\/www.caririemacao.com\/1\/2019\/08\/05\/governador-joao-azevedo-anuncia-ampliacao-de-escolas-integrais-em-05-municipios-do-cariri-confira-quais-sao\/","title":{"rendered":"Governador Jo\u00e3o Azev\u00eado anuncia amplia\u00e7\u00e3o de escolas integrais em 05 munic\u00edpios do Cariri; CONFIRA QUAIS S\u00c3O"},"content":{"rendered":"\n<p>O governador Jo\u00e3o Azev\u00eado anunciou durante o programa Fala Governador, desta segunda-feira (5),&nbsp;que no pr\u00f3ximo ano a rede estadual de ensino contar\u00e1 com mais 76 Escolas Cidad\u00e3s Integrais espalhadas pela Para\u00edba. Atualmente, o estado conta com 153 Escolas Integrais, atendendo cerca de 47 mil alunos. Destas 153 escolas, 53 foram implantadas este ano.&nbsp;A amplia\u00e7\u00e3o do n\u00famero de escolas com esse modelo de ensino ocorre devido os bons resultados alcan\u00e7ados desde a implanta\u00e7\u00e3o das Escolas Integrais.<\/p>\n\n\n\n<p>Para o governador Jo\u00e3o Azev\u00eado, esse formato de escola em tempo integral vem revolucionando a forma do ensino na Para\u00edba. Ele recordou que este modelo foi baseado numa experi\u00eancia de Pernambuco, o qual foi aprimorado na Para\u00edba com a inclus\u00e3o das Escolas Cidad\u00e3s Integrais T\u00e9cnicas. \u201cAntes t\u00ednhamos aproximadamente 40% dos alunos da rede estadual que terminavam o segundo grau e faziam o Enem, com a implanta\u00e7\u00e3o das Escolas Integrais esse n\u00famero passou para 95%. Esse aumento nas inscri\u00e7\u00f5es do Enem demonstra que os nossos jovens come\u00e7aram a ter uma perspectiva de vida muito mais consolidada a partir desse modelo de ensino\u201d, observou.<\/p>\n\n\n\n<p>Ainda de acordo com o chefe do Executivo Estadual, por causa dos resultados exitosos desse modelo de ensino, o Governo do Estado decidiu implantar, no pr\u00f3ximo ano, mais 76 Escolas Cidad\u00e3s Integrais em cidades de v\u00e1rias regi\u00f5es paraibanas. \u201cEstamos espalhando as escolas em tempo integral pelo estado e a meta \u00e9 universalizar esse estudo, ou seja, em cada munic\u00edpio queremos ter pelo menos uma Escola Cidad\u00e3 Integral. Tenho certeza que os n\u00fameros, que hoje j\u00e1 se apresentam muito melhores, continuar\u00e3o avan\u00e7ando, porque esse m\u00e9todo veio para revolucionar o processo de ensino aprendizado na Para\u00edba\u201d, analisou o governador.<\/p>\n\n\n\n<p>As novas Escolas Cidad\u00e3s Integrais ser\u00e3o implantadas em cidades como: Alagoa Nova, Cruz do Esp\u00edrito Santo, Riach\u00e3o do Po\u00e7o, Sap\u00e9, Sobrado, Jo\u00e3o Pessoa, Bayeux, Cabedelo, Santa Rita, Casserengue, Dona In\u00eas, Serra da Raiz, Tacima, Cai\u00e7ara, Pil\u00f5es, Arara,&nbsp;<strong>Assun\u00e7\u00e3o<\/strong>,&nbsp;<strong>Boa Vista, Cabaceiras<\/strong>, Fagundes, Itatuba, Juarez T\u00e1vora, Pocinhos, Queimadas, Alagoa Grande, Santa Cec\u00edlia, S\u00e3o Sebasti\u00e3o de Lagoa de Ro\u00e7a,&nbsp;<strong>S\u00e3o Domingos do Cariri<\/strong>, Campina Grande, Massaranduba, Barra de Santa Rosa, Nova Floresta, S\u00e3o Vicente do Serid\u00f3,&nbsp;<strong>Santo Andr\u00e9<\/strong>, Boa Ventura, Pianc\u00f3, Bernardino Batista, Cajazeiras, Sousa, Mogeiro, Pilar, S\u00e3o Bentinho, Pombal, entre outros munic\u00edpios paraibanos.<\/p>\n","protected":false},"excerpt":{"rendered":"<p>O governador Jo\u00e3o Azev\u00eado anunciou durante o programa Fala Governador, desta segunda-feira (5),&nbsp;que no pr\u00f3ximo ano a rede estadual de ensino contar\u00e1 com mais 76&hellip; <\/p>\n","protected":false},"author":1,"featured_media":100671,"comment_status":"closed","ping_status":"closed","sticky":false,"template":"","format":"standard","meta":{"sfsi_plus_gutenberg_text_before_share":"","sfsi_plus_gutenberg_show_text_before_share":"","sfsi_plus_gutenberg_icon_type":"","sfsi_plus_gutenberg_icon_alignemt":"","sfsi_plus_gutenburg_max_per_row":"","footnotes":""},"categories":[11],"tags":[],"class_list":["post-108654","post","type-post","status-publish","format-standard","has-post-thumbnail","hentry","category-politica"],"_links":{"self":[{"href":"https:\/\/www.caririemacao.com\/1\/wp-json\/wp\/v2\/posts\/108654","targetHints":{"allow":["GET"]}}],"collection":[{"href":"https:\/\/www.caririemacao.com\/1\/wp-json\/wp\/v2\/posts"}],"about":[{"href":"https:\/\/www.caririemacao.com\/1\/wp-json\/wp\/v2\/types\/post"}],"author":[{"embeddable":true,"href":"https:\/\/www.caririemacao.com\/1\/wp-json\/wp\/v2\/users\/1"}],"replies":[{"embeddable":true,"href":"https:\/\/www.caririemacao.com\/1\/wp-json\/wp\/v2\/comments?post=108654"}],"version-history":[{"count":1,"href":"https:\/\/www.caririemacao.com\/1\/wp-json\/wp\/v2\/posts\/108654\/revisions"}],"predecessor-version":[{"id":108655,"href":"https:\/\/www.caririemacao.com\/1\/wp-json\/wp\/v2\/posts\/108654\/revisions\/108655"}],"wp:featuredmedia":[{"embeddable":true,"href":"https:\/\/www.caririemacao.com\/1\/wp-json\/wp\/v2\/media\/100671"}],"wp:attachment":[{"href":"https:\/\/www.caririemacao.com\/1\/wp-json\/wp\/v2\/media?parent=108654"}],"wp:term":[{"taxonomy":"category","embeddable":true,"href":"https:\/\/www.caririemacao.com\/1\/wp-json\/wp\/v2\/categories?post=108654"},{"taxonomy":"post_tag","embeddable":true,"href":"https:\/\/www.caririemacao.com\/1\/wp-json\/wp\/v2\/tags?post=108654"}],"curies":[{"name":"wp","href":"https:\/\/api.w.org\/{rel}","templated":true}]}}