{"id":108659,"date":"2019-08-05T16:55:18","date_gmt":"2019-08-05T19:55:18","guid":{"rendered":"http:\/\/www.caririemacao.com\/1\/?p=108659"},"modified":"2019-08-05T16:55:18","modified_gmt":"2019-08-05T19:55:18","slug":"tragedia-homem-mata-a-ex-esposa-a-tiros-e-comete-suicidio-em-juazeirinho","status":"publish","type":"post","link":"https:\/\/www.caririemacao.com\/1\/2019\/08\/05\/tragedia-homem-mata-a-ex-esposa-a-tiros-e-comete-suicidio-em-juazeirinho\/","title":{"rendered":"TRAG\u00c9DIA: Homem mata a ex-esposa a tiros e comete suic\u00eddio em Juazeirinho"},"content":{"rendered":"\n<p>Um homem matou a ex-esposa a tiros e se matou em seguida na tarde desta segunda-feira (5) no centro da cidade de Juazeirinho, interior da Para\u00edba.<\/p>\n\n\n\n<p>A mulher j\u00e1 foi identificada e se trata de Nety Silva, de 44 anos, propriet\u00e1ria de um sal\u00e3o de beleza na avenida Juiz Federal Genival Matias. Nety teria sido alvejada por dois tiros a queima roupa.<\/p>\n\n\n\n<p>A juazeirense ainda foi Socorrida para o hospital da cidade mas acabou n\u00e3o resistindo aos ferimentos e vindo a \u00f3bito.<\/p>\n\n\n\n<p>Ao saber da morte da ex-companheira, Nino tirou a pr\u00f3pria vida. Segundo informa\u00e7\u00f5es, Nety Silva estava separada do marido h\u00e1 um m\u00eas mais ou menos e coment\u00e1rios de pessoas ligadas ao casal, \u00e9 que o esposo era muito ciumento. Inclusive, Nety teria terminado o relacionamento pelo Whatsapp porque tinha receio da rea\u00e7\u00e3o dele.<\/p>\n\n\n\n<p><em>Informa\u00e7\u00f5es com Heleno Lima<\/em><\/p>\n","protected":false},"excerpt":{"rendered":"<p>Um homem matou a ex-esposa a tiros e se matou em seguida na tarde desta segunda-feira (5) no centro da cidade de Juazeirinho, interior da&hellip; <\/p>\n","protected":false},"author":1,"featured_media":108660,"comment_status":"closed","ping_status":"closed","sticky":false,"template":"","format":"standard","meta":{"sfsi_plus_gutenberg_text_before_share":"","sfsi_plus_gutenberg_show_text_before_share":"","sfsi_plus_gutenberg_icon_type":"","sfsi_plus_gutenberg_icon_alignemt":"","sfsi_plus_gutenburg_max_per_row":"","footnotes":""},"categories":[12],"tags":[],"class_list":["post-108659","post","type-post","status-publish","format-standard","has-post-thumbnail","hentry","category-policia"],"_links":{"self":[{"href":"https:\/\/www.caririemacao.com\/1\/wp-json\/wp\/v2\/posts\/108659","targetHints":{"allow":["GET"]}}],"collection":[{"href":"https:\/\/www.caririemacao.com\/1\/wp-json\/wp\/v2\/posts"}],"about":[{"href":"https:\/\/www.caririemacao.com\/1\/wp-json\/wp\/v2\/types\/post"}],"author":[{"embeddable":true,"href":"https:\/\/www.caririemacao.com\/1\/wp-json\/wp\/v2\/users\/1"}],"replies":[{"embeddable":true,"href":"https:\/\/www.caririemacao.com\/1\/wp-json\/wp\/v2\/comments?post=108659"}],"version-history":[{"count":1,"href":"https:\/\/www.caririemacao.com\/1\/wp-json\/wp\/v2\/posts\/108659\/revisions"}],"predecessor-version":[{"id":108661,"href":"https:\/\/www.caririemacao.com\/1\/wp-json\/wp\/v2\/posts\/108659\/revisions\/108661"}],"wp:featuredmedia":[{"embeddable":true,"href":"https:\/\/www.caririemacao.com\/1\/wp-json\/wp\/v2\/media\/108660"}],"wp:attachment":[{"href":"https:\/\/www.caririemacao.com\/1\/wp-json\/wp\/v2\/media?parent=108659"}],"wp:term":[{"taxonomy":"category","embeddable":true,"href":"https:\/\/www.caririemacao.com\/1\/wp-json\/wp\/v2\/categories?post=108659"},{"taxonomy":"post_tag","embeddable":true,"href":"https:\/\/www.caririemacao.com\/1\/wp-json\/wp\/v2\/tags?post=108659"}],"curies":[{"name":"wp","href":"https:\/\/api.w.org\/{rel}","templated":true}]}}