{"id":108685,"date":"2019-08-06T07:33:49","date_gmt":"2019-08-06T10:33:49","guid":{"rendered":"http:\/\/www.caririemacao.com\/1\/?p=108685"},"modified":"2019-08-06T07:33:49","modified_gmt":"2019-08-06T10:33:49","slug":"mercado-financeiro-preve-taxa-selic-em-525-ao-ano-no-fim-de-2019","status":"publish","type":"post","link":"https:\/\/www.caririemacao.com\/1\/2019\/08\/06\/mercado-financeiro-preve-taxa-selic-em-525-ao-ano-no-fim-de-2019\/","title":{"rendered":"Mercado financeiro prev\u00ea taxa Selic em 5,25% ao ano no fim de 2019"},"content":{"rendered":"\n<p>Com a redu\u00e7\u00e3o de 0,5 ponto percentual na taxa b\u00e1sica de juros (Selic), que caiu para 6% ao ano na semana passada, analistas do mercado financeira reduziram a estimativa para a taxa no final de 2019. A expectativa passou de 5,5% ao ano para 5,25% ao ano.<\/p>\n\n\n\n<p>Para o fim de 2020, a previs\u00e3o continua em 5,5% ao ano. Tamb\u00e9m n\u00e3o houve altera\u00e7\u00e3o na expectativa para o final de 2021 e 2022: 7% ao ano. \u00c9 o que mostra o boletim Focus, resultado de pesquisa semanal em institui\u00e7\u00f5es financeiras, feita pelo Banco Central (BC) e divulgada \u00e0s segundas-feiras, pela internet.<\/p>\n\n\n\n<p>A proje\u00e7\u00e3o para a expans\u00e3o do Produto Interno Bruto (PIB) \u2013 a soma de todos os bens e servi\u00e7os produzidos no pa\u00eds \u2013 foi mantida em 0,82%, neste ano, 2,1%, em 2020, 2,5%, em 2021 e 2022.<\/p>\n\n\n\n<p>Infla\u00e7\u00e3o<br>A estimativa de infla\u00e7\u00e3o, calculada pelo \u00cdndice Nacional de Pre\u00e7os ao Consumidor Amplo (IPCA), n\u00e3o foi alterada, permanecendo em 3,8% este ano. Tamb\u00e9m n\u00e3o houve altera\u00e7\u00e3o nas estimativas para os anos seguintes: 3,9%, em 2020, 3,75%, em 2021, 3,5%, em 2022.<\/p>\n\n\n\n<p>A meta de infla\u00e7\u00e3o, definida pelo Conselho Monet\u00e1rio Nacional (CMN), \u00e9 4,25%, em 2019, 4%, em 2020, 3,75%, em 2021, 3,5%, em 2022, com toler\u00e2ncia de 1,5 ponto percentual para cima ou para baixo.<\/p>\n\n\n\n<p>Para alcan\u00e7ar a meta de infla\u00e7\u00e3o, o Banco Central usa como principal instrumento a taxa b\u00e1sica de juros. Quando o Copom reduz a Selic, a tend\u00eancia \u00e9 que o cr\u00e9dito fique mais barato, com incentivo \u00e0 produ\u00e7\u00e3o e ao consumo, reduzindo o controle da infla\u00e7\u00e3o e estimulando a atividade econ\u00f4mica.<\/p>\n\n\n\n<p>Quando o Comit\u00ea de Pol\u00edtica Monet\u00e1ria (Copom) aumenta a Selic, a finalidade \u00e9 conter a demanda aquecida, e isso causa reflexos nos pre\u00e7os porque os juros mais altos encarecem o cr\u00e9dito e estimulam a poupan\u00e7a.<\/p>\n\n\n\n<p>D\u00f3lar<br>A previs\u00e3o para a cota\u00e7\u00e3o do d\u00f3lar ao fim deste ano permanece em R$ 3,75 e, para 2020, em R$ 3,80.<\/p>\n","protected":false},"excerpt":{"rendered":"<p>Com a redu\u00e7\u00e3o de 0,5 ponto percentual na taxa b\u00e1sica de juros (Selic), que caiu para 6% ao ano na semana passada, analistas do mercado&hellip; <\/p>\n","protected":false},"author":1,"featured_media":96416,"comment_status":"closed","ping_status":"closed","sticky":false,"template":"","format":"standard","meta":{"sfsi_plus_gutenberg_text_before_share":"","sfsi_plus_gutenberg_show_text_before_share":"","sfsi_plus_gutenberg_icon_type":"","sfsi_plus_gutenberg_icon_alignemt":"","sfsi_plus_gutenburg_max_per_row":"","footnotes":""},"categories":[2],"tags":[],"class_list":["post-108685","post","type-post","status-publish","format-standard","has-post-thumbnail","hentry","category-geral"],"_links":{"self":[{"href":"https:\/\/www.caririemacao.com\/1\/wp-json\/wp\/v2\/posts\/108685","targetHints":{"allow":["GET"]}}],"collection":[{"href":"https:\/\/www.caririemacao.com\/1\/wp-json\/wp\/v2\/posts"}],"about":[{"href":"https:\/\/www.caririemacao.com\/1\/wp-json\/wp\/v2\/types\/post"}],"author":[{"embeddable":true,"href":"https:\/\/www.caririemacao.com\/1\/wp-json\/wp\/v2\/users\/1"}],"replies":[{"embeddable":true,"href":"https:\/\/www.caririemacao.com\/1\/wp-json\/wp\/v2\/comments?post=108685"}],"version-history":[{"count":1,"href":"https:\/\/www.caririemacao.com\/1\/wp-json\/wp\/v2\/posts\/108685\/revisions"}],"predecessor-version":[{"id":108687,"href":"https:\/\/www.caririemacao.com\/1\/wp-json\/wp\/v2\/posts\/108685\/revisions\/108687"}],"wp:featuredmedia":[{"embeddable":true,"href":"https:\/\/www.caririemacao.com\/1\/wp-json\/wp\/v2\/media\/96416"}],"wp:attachment":[{"href":"https:\/\/www.caririemacao.com\/1\/wp-json\/wp\/v2\/media?parent=108685"}],"wp:term":[{"taxonomy":"category","embeddable":true,"href":"https:\/\/www.caririemacao.com\/1\/wp-json\/wp\/v2\/categories?post=108685"},{"taxonomy":"post_tag","embeddable":true,"href":"https:\/\/www.caririemacao.com\/1\/wp-json\/wp\/v2\/tags?post=108685"}],"curies":[{"name":"wp","href":"https:\/\/api.w.org\/{rel}","templated":true}]}}