{"id":108700,"date":"2019-08-06T07:42:30","date_gmt":"2019-08-06T10:42:30","guid":{"rendered":"http:\/\/www.caririemacao.com\/1\/?p=108700"},"modified":"2019-08-06T07:42:30","modified_gmt":"2019-08-06T10:42:30","slug":"tenho-preconceito-e-com-governador-ladrao-diz-bolsonaro-apos-polemica-com-o-nordeste","status":"publish","type":"post","link":"https:\/\/www.caririemacao.com\/1\/2019\/08\/06\/tenho-preconceito-e-com-governador-ladrao-diz-bolsonaro-apos-polemica-com-o-nordeste\/","title":{"rendered":"&#8216;Tenho preconceito \u00e9 com governador ladr\u00e3o&#8217;, diz Bolsonaro ap\u00f3s pol\u00eamica com o Nordeste"},"content":{"rendered":"\n<p>Em sua segunda visita ao Nordeste em menos de um m\u00eas, o presidente Jair Bolsonaro (PSL) afirmou que governadores da regi\u00e3o &#8220;fazem politicalha&#8221;, querem transformar o Nordeste &#8220;em uma Cuba&#8221; e negou que tenha agido com preconceito contra os nordestinos.<\/p>\n\n\n\n<p>&#8220;N\u00e3o estou aqui com colegas nordestinos para fazer m\u00e9dia. [&#8230;] Mas n\u00e3o existe esta quest\u00e3o de preconceito. Eu tenho preconceito \u00e9 com governador ladr\u00e3o que n\u00e3o faz nada para o seu estado&#8221;, afirmou o presidente em Sobradinho (a 602 km de Salvador), nesta segunda-feira (5).<\/p>\n\n\n\n<p>Bolsonaro voltou a negar que tenha se referido aos governadores nordestinos como &#8220;para\u00edbas&#8221;. Disse que fez cr\u00edticas espec\u00edficas aos governadores do Maranh\u00e3o, Fl\u00e1vio Dino (PC do B) e da Para\u00edba, Jo\u00e3o Azev\u00eado (PSB), mas afirmou que n\u00e3o vai penalizar os estados.<\/p>\n\n\n\n<p>&#8220;N\u00e3o vou negar nada para o estado. Mas se eles [governadores] quiserem que realmente isso tudo seja atendido, eles v\u00e3o ter que falar que est\u00e3o trabalhando com o presidente Jair Bolsonaro. Caso contr\u00e1rio, eu n\u00e3o vou ter conversa com eles e vou divulgar obras junto \u00e0s prefeituras&#8221;, afirmou.<\/p>\n\n\n\n<p>Bolsonaro ainda afirmou que o Nordeste tem recebido recursos abundantes do governo federal e que n\u00e3o vai admitir que governadores do Maranh\u00e3o e da Para\u00edba &#8220;fa\u00e7am politicalha perante a minha pessoa&#8221;.<\/p>\n\n\n\n<p>Mesmo afirmando que n\u00e3o chamou os governadores nordestinos de &#8220;para\u00edbas&#8221;, Bolsonaro lamentou n\u00e3o poder fazer piadas sobre os cidad\u00e3os de diferentes estados brasileiros.<\/p>\n\n\n\n<p>&#8220;A gente n\u00e3o pode mais contar uma piada. N\u00e3o posso nem contar piada de cabe\u00e7udo, de goiano, de ga\u00facho, de cearense cabra da peste. N\u00e3o h\u00e1 mais liberdade neste pa\u00eds. Tudo \u00e9 politicamente correto&#8221;, afirmou.<\/p>\n\n\n\n<p>Em nova refer\u00eancia aos governadores nordestinos, o presidente acusou uma &#8220;esquerda canalha&#8221; de querer dividir o pa\u00eds. &#8220;Para alguns governadores&#8230; \u00e9 o Nordeste e o resto. Querem fazer disso aqui uma Cuba?&#8221;, questionou.<\/p>\n\n\n\n<p>O presidente ainda criticou a iniciativa dos governadores de se unirem em torno do Cons\u00f3rcio Nordeste, que vai possibilitar parcerias entre os governos da regi\u00e3o, e afirmou que eles atuam para dividir os brasileiros.<\/p>\n\n\n\n<p>&#8220;O Brasil \u00e9 um s\u00f3, n\u00e3o queiram dividir regi\u00f5es. Tem alguns que acham que aquela regi\u00e3o \u00e9 dele e n\u00e3o do povo. Isso n\u00e3o existe, o Nordeste \u00e9 Brasil.&#8221;<\/p>\n\n\n\n<p>O presidente foi \u00e0 Bahia inaugurar a primeira etapa da Usina Solar Flutuante, erguida pela Chesf (Companhia Hidro El\u00e9trica do S\u00e3o Francisco) em Sobradinho.<\/p>\n\n\n\n<p>Or\u00e7ado em R$ 55 milh\u00f5es, a usina possui 3.792 pain\u00e9is solares e pot\u00eancia instalada de um megawatt pico. O projeto foi licitado na gest\u00e3o da ex-presidente Dilma Rousseff (PT) e iniciado no governo Michel Temer (MDB).<\/p>\n\n\n\n<p>A visita acontece dias depois de Bolsonaro dar o sinal verde para que o governo federal inicie o processo de capitaliza\u00e7\u00e3o da Eletrobras, que levar\u00e1 \u00e0 sa\u00edda da Uni\u00e3o do controle da empresa.<\/p>\n\n\n\n<p>A Chesf \u00e9 uma das subsidi\u00e1rias da Eletrobras. Fundada em 1948, \u00e9 respons\u00e1vel pela gest\u00e3o de 12 usinas hidroel\u00e9tricas no Nordeste.<\/p>\n\n\n\n<p>A perda do controle acion\u00e1rio da Uni\u00e3o \u00e9 tema controverso e tem oposi\u00e7\u00e3o dos governadores nordestinos, que s\u00e3o contra o controle da Chesf pela iniciativa privada. Em maio do ano passado, ainda na gest\u00e3o Temer, eles assinaram uma carta solicitando a exclus\u00e3o da Chesf do grupo Eletrobras.<\/p>\n\n\n\n<p>A poss\u00edvel perda do controle acion\u00e1rio da Chesf pela Uni\u00e3o deve aumentar ainda mais o clima de tens\u00e3o entre o presidente e os governadores da regi\u00e3o \u2013 7 dos 9 pol\u00edticos s\u00e3o de partidos da oposi\u00e7\u00e3o.<\/p>\n\n\n\n<p>Sobre a posi\u00e7\u00e3o contr\u00e1ria \u00e0 privatiza\u00e7\u00e3o da Chesf, o presidente afirmou que &#8220;grande parte dos governadores no Nordeste s\u00e3o socialistas&#8221;.<\/p>\n\n\n\n<p>H\u00e1 cerca de duas semanas, Bolsonaro se referiu aos governadores nordestinos pelo termo pejorativo &#8220;para\u00edbas&#8221;. Dias depois, veio \u00e0 Bahia para inaugurar o aeroporto de Vit\u00f3ria da Conquista, quando disse que &#8220;ama o Nordeste&#8221; e que tem na fam\u00edlia &#8220;sangue de cabra da peste&#8221;.<\/p>\n\n\n\n<p>Assim como o ato em Vit\u00f3ria da Conquista, a inaugura\u00e7\u00e3o em Sobradinho tamb\u00e9m n\u00e3o teve a participa\u00e7\u00e3o do governador da Bahia, Rui Costa (PT), que nesta segunda-feira cumpre agenda em Bras\u00edlia e S\u00e3o Paulo.<\/p>\n\n\n\n<p>Sobre a aus\u00eancia do governador da Bahia, Rui Costa (PT) na solenidade desta segunda, o presidente disse que ningu\u00e9m o proibiu de comparecer \u00e0 solenidade.<br>&#8220;Quem tem preconceito \u00e9 ele. Se estivesse aqui seria muito bem-vindo, n\u00e3o teria em momento algum falado algo contra ele. Agora, quem est\u00e1 com medo de encarar o seu pr\u00f3prio povo \u00e9 ele&#8221;, disse.<\/p>\n\n\n\n<p>Em Sobradinho, Bolsonaro discursou para cerca de 200 pessoas, dentre autoridades, empres\u00e1rios e funcion\u00e1rios da Chesf. O ato n\u00e3o foi aberto aos moradores da regi\u00e3o.<\/p>\n","protected":false},"excerpt":{"rendered":"<p>Em sua segunda visita ao Nordeste em menos de um m\u00eas, o presidente Jair Bolsonaro (PSL) afirmou que governadores da regi\u00e3o &#8220;fazem politicalha&#8221;, querem transformar&hellip; <\/p>\n","protected":false},"author":1,"featured_media":108496,"comment_status":"closed","ping_status":"closed","sticky":false,"template":"","format":"standard","meta":{"sfsi_plus_gutenberg_text_before_share":"","sfsi_plus_gutenberg_show_text_before_share":"","sfsi_plus_gutenberg_icon_type":"","sfsi_plus_gutenberg_icon_alignemt":"","sfsi_plus_gutenburg_max_per_row":"","footnotes":""},"categories":[11],"tags":[],"class_list":["post-108700","post","type-post","status-publish","format-standard","has-post-thumbnail","hentry","category-politica"],"_links":{"self":[{"href":"https:\/\/www.caririemacao.com\/1\/wp-json\/wp\/v2\/posts\/108700","targetHints":{"allow":["GET"]}}],"collection":[{"href":"https:\/\/www.caririemacao.com\/1\/wp-json\/wp\/v2\/posts"}],"about":[{"href":"https:\/\/www.caririemacao.com\/1\/wp-json\/wp\/v2\/types\/post"}],"author":[{"embeddable":true,"href":"https:\/\/www.caririemacao.com\/1\/wp-json\/wp\/v2\/users\/1"}],"replies":[{"embeddable":true,"href":"https:\/\/www.caririemacao.com\/1\/wp-json\/wp\/v2\/comments?post=108700"}],"version-history":[{"count":1,"href":"https:\/\/www.caririemacao.com\/1\/wp-json\/wp\/v2\/posts\/108700\/revisions"}],"predecessor-version":[{"id":108701,"href":"https:\/\/www.caririemacao.com\/1\/wp-json\/wp\/v2\/posts\/108700\/revisions\/108701"}],"wp:featuredmedia":[{"embeddable":true,"href":"https:\/\/www.caririemacao.com\/1\/wp-json\/wp\/v2\/media\/108496"}],"wp:attachment":[{"href":"https:\/\/www.caririemacao.com\/1\/wp-json\/wp\/v2\/media?parent=108700"}],"wp:term":[{"taxonomy":"category","embeddable":true,"href":"https:\/\/www.caririemacao.com\/1\/wp-json\/wp\/v2\/categories?post=108700"},{"taxonomy":"post_tag","embeddable":true,"href":"https:\/\/www.caririemacao.com\/1\/wp-json\/wp\/v2\/tags?post=108700"}],"curies":[{"name":"wp","href":"https:\/\/api.w.org\/{rel}","templated":true}]}}