{"id":108705,"date":"2019-08-06T07:44:32","date_gmt":"2019-08-06T10:44:32","guid":{"rendered":"http:\/\/www.caririemacao.com\/1\/?p=108705"},"modified":"2019-08-06T07:44:32","modified_gmt":"2019-08-06T10:44:32","slug":"concurso-para-tecnico-administrativo-do-ifpe-oferece-44-vagas-com-inscricoes-ate-esta-terca-feira","status":"publish","type":"post","link":"https:\/\/www.caririemacao.com\/1\/2019\/08\/06\/concurso-para-tecnico-administrativo-do-ifpe-oferece-44-vagas-com-inscricoes-ate-esta-terca-feira\/","title":{"rendered":"Concurso para t\u00e9cnico-administrativo do IFPE oferece 44 vagas com inscri\u00e7\u00f5es at\u00e9 esta ter\u00e7a-feira"},"content":{"rendered":"\n<p>O IFPE (Instituto Federal de Educa\u00e7\u00e3o, Ci\u00eancia e Tecnologia) de Pernambuco inscreve&nbsp; at\u00e9 esta ter\u00e7a-feira (6), para concurso p\u00fablico para o preenchimento de cargos t\u00e9cnico-administrativos. Foram abertas 44 vagas para cargos de n\u00edvel m\u00e9dio e superior.<\/p>\n\n\n\n<p>A remunera\u00e7\u00e3o varia de R$ 2.446,96 (cargos de n\u00edvel D) a R$ 4.180,66 (cargos de n\u00edvel E), al\u00e9m do aux\u00edlio-alimenta\u00e7\u00e3o no valor de R$ 458 e gratifica\u00e7\u00e3o por titula\u00e7\u00f5es.<br><\/p>\n\n\n\n<p><a href=\"https:\/\/www.clickpb.com.br\/media\/filer_public\/b6\/22\/b622ceb0-9a44-41f2-8ae3-1426a6bf0ad6\/01_edital-27-2019-gr-tecnico-administrativos.pdf\">Confira aqui o edital.<\/a><\/p>\n\n\n\n<p>As vagas s\u00e3o para os cargos de Nutricionista, Odont\u00f3logo, Pedagogo, Psic\u00f3logo, T\u00e9cnico em Assuntos Educacionais, Assistente em Administra\u00e7\u00e3o, T\u00e9cnico em Contabilidade, T\u00e9cnico em Tecnologia da Informa\u00e7\u00e3o (Desenvolvimento; Rede e Suporte;) Tradutor e Int\u00e9rprete de Libras. Tamb\u00e9m h\u00e1 oportunidades para o cargo de T\u00e9cnico em Laborat\u00f3rio em diversas \u00e1reas: Artes Visuais, Computa\u00e7\u00e3o Gr\u00e1fica, Enfermagem, Manuten\u00e7\u00e3o e Suporte em Inform\u00e1tica, Rede de Computadores, Qualidade, Qu\u00edmica, Seguran\u00e7a do Trabalho. H\u00e1 vagas reservadas para candidatos negros e pessoas com defici\u00eancia.<\/p>\n\n\n\n<p>Todos os candidatos devem se submeter \u00e0 prova escrita\/objetiva de car\u00e1ter eliminat\u00f3rio e classificat\u00f3rio. Haver\u00e1 prova pr\u00e1tica para quem for concorrer aos cargos de T\u00e9cnico em Laborat\u00f3rio, T\u00e9cnico em Tecnologia da Informa\u00e7\u00e3o e Tradutor e Int\u00e9rprete de Libras.<\/p>\n\n\n\n<p>As inscri\u00e7\u00f5es devem ser feitas exclusivamente pelo site da Comiss\u00e3o de Vestibulares e Concursos (Cvest). O candidato dever\u00e1 preencher o formul\u00e1rio de inscri\u00e7\u00e3o e realizar o pagamento da taxa de inscri\u00e7\u00e3o, por meio de Guia do Recolhimento da Uni\u00e3o (GRU). A taxa \u00e9 no valor de R$ 100 para cargos de Classe E e de R$ 80 para os cargos de Classe D. O pagamento deve ser feito no Banco do Brasil at\u00e9 o dia 7 de agosto.&nbsp;&nbsp;<br>Podem solicitar isen\u00e7\u00e3o da taxa de inscri\u00e7\u00e3o os candidatos que se enquadrarem nos crit\u00e9rios estabelecidos no edital. A solicita\u00e7\u00e3o pode ser feita de 1\u00ba a 3 de julho pelo site cvest.ifpe.edu.br. A lista dos candidatos contemplados com a isen\u00e7\u00e3o ser\u00e1 divulgada no dia 16 de julho. J\u00e1 o cart\u00e3o de inscri\u00e7\u00e3o tem libera\u00e7\u00e3o programada para 13 de setembro, tamb\u00e9m no site.<\/p>\n\n\n\n<p>O concurso tem validade de dois anos, podendo ser prorrogado por igual per\u00edodo. Em caso de d\u00favidas, os candidatos podem entrar em contato com a comiss\u00e3o organizadora pelo e-mail concurso@reitoria.ifpe.edu.br.<\/p>\n\n\n\n<p>&nbsp;&nbsp;As provas escritas est\u00e3o marcadas para o dia 6 de outubro.&nbsp;&nbsp;<\/p>\n","protected":false},"excerpt":{"rendered":"<p>O IFPE (Instituto Federal de Educa\u00e7\u00e3o, Ci\u00eancia e Tecnologia) de Pernambuco inscreve&nbsp; at\u00e9 esta ter\u00e7a-feira (6), para concurso p\u00fablico para o preenchimento de cargos t\u00e9cnico-administrativos.&hellip; <\/p>\n","protected":false},"author":1,"featured_media":104792,"comment_status":"closed","ping_status":"closed","sticky":false,"template":"","format":"standard","meta":{"sfsi_plus_gutenberg_text_before_share":"","sfsi_plus_gutenberg_show_text_before_share":"","sfsi_plus_gutenberg_icon_type":"","sfsi_plus_gutenberg_icon_alignemt":"","sfsi_plus_gutenburg_max_per_row":"","footnotes":""},"categories":[2],"tags":[],"class_list":["post-108705","post","type-post","status-publish","format-standard","has-post-thumbnail","hentry","category-geral"],"_links":{"self":[{"href":"https:\/\/www.caririemacao.com\/1\/wp-json\/wp\/v2\/posts\/108705","targetHints":{"allow":["GET"]}}],"collection":[{"href":"https:\/\/www.caririemacao.com\/1\/wp-json\/wp\/v2\/posts"}],"about":[{"href":"https:\/\/www.caririemacao.com\/1\/wp-json\/wp\/v2\/types\/post"}],"author":[{"embeddable":true,"href":"https:\/\/www.caririemacao.com\/1\/wp-json\/wp\/v2\/users\/1"}],"replies":[{"embeddable":true,"href":"https:\/\/www.caririemacao.com\/1\/wp-json\/wp\/v2\/comments?post=108705"}],"version-history":[{"count":1,"href":"https:\/\/www.caririemacao.com\/1\/wp-json\/wp\/v2\/posts\/108705\/revisions"}],"predecessor-version":[{"id":108706,"href":"https:\/\/www.caririemacao.com\/1\/wp-json\/wp\/v2\/posts\/108705\/revisions\/108706"}],"wp:featuredmedia":[{"embeddable":true,"href":"https:\/\/www.caririemacao.com\/1\/wp-json\/wp\/v2\/media\/104792"}],"wp:attachment":[{"href":"https:\/\/www.caririemacao.com\/1\/wp-json\/wp\/v2\/media?parent=108705"}],"wp:term":[{"taxonomy":"category","embeddable":true,"href":"https:\/\/www.caririemacao.com\/1\/wp-json\/wp\/v2\/categories?post=108705"},{"taxonomy":"post_tag","embeddable":true,"href":"https:\/\/www.caririemacao.com\/1\/wp-json\/wp\/v2\/tags?post=108705"}],"curies":[{"name":"wp","href":"https:\/\/api.w.org\/{rel}","templated":true}]}}