{"id":108713,"date":"2019-08-06T07:47:05","date_gmt":"2019-08-06T10:47:05","guid":{"rendered":"http:\/\/www.caririemacao.com\/1\/?p=108713"},"modified":"2019-08-06T07:47:05","modified_gmt":"2019-08-06T10:47:05","slug":"maus-brasileiros-divulgaram-numeros-mentirosos-sobre-amazonia-diz-bolsonaro","status":"publish","type":"post","link":"https:\/\/www.caririemacao.com\/1\/2019\/08\/06\/maus-brasileiros-divulgaram-numeros-mentirosos-sobre-amazonia-diz-bolsonaro\/","title":{"rendered":"Maus brasileiros divulgaram n\u00fameros mentirosos sobre Amaz\u00f4nia, diz Bolsonaro"},"content":{"rendered":"\n<p>&nbsp;O presidente Jair Bolsonaro (PSL) afirmou nesta segunda-feira (5) em Sobradinho (553 km de Salvador) que &#8220;maus brasileiros&#8221; divulgaram &#8220;n\u00fameros mentirosos&#8221; sobre o desmatamento na floresta Amaz\u00f4nica.&nbsp;<\/p>\n\n\n\n<p>&#8220;A Amaz\u00f4nia tem um potencial incalcul\u00e1vel. Por isso, o mundo est\u00e1 de olho nela. Por isso, alguns maus brasileiros ousam fazer campanha com n\u00fameros mentirosos contra a nossa Amaz\u00f4nia&#8221;, afirmou o presidente.<\/p>\n\n\n\n<p>A declara\u00e7\u00e3o foi dada dias depois do an\u00fancio da exonera\u00e7\u00e3o diretor do Inpe (Instituto Nacional de Pesquisas Espaciais), Ricardo Galv\u00e3o, por determina\u00e7\u00e3o do pr\u00f3prio presidente. A demiss\u00e3o ocorreu ap\u00f3s a divulga\u00e7\u00e3o de dados sobre o aumento do desmatamento da Amaz\u00f4nia neste ano.&nbsp;<\/p>\n\n\n\n<p>O presidente classificou como irrespons\u00e1vel a divulga\u00e7\u00e3o dos dados pelo ent\u00e3o presidente do Inpe, disse lamentar o fato de Ricardo Galv\u00e3o ter um mandato, mas afirmou que est\u00e1 buscando uma maneira de substitu\u00ed-lo.&nbsp;<\/p>\n\n\n\n<p>Segundo o presidente, caberia a Ricardo Galv\u00e3o, antes da divulga\u00e7\u00e3o dos dados, procurar o ministro da Ci\u00eancia e Tecnologia Marcos Pontes, que o procuraria &#8220;dada a gravidade do assunto&#8221;.<\/p>\n\n\n\n<p>&#8220;Ir\u00edamos conversar os tr\u00eas e o que eu exigiria de imediato: cheque os dados. Certifique-se da veracidade dos n\u00fameros, porque os n\u00fameros n\u00e3o mentem. A partir do momento que, esses n\u00fameros, de forma irrespons\u00e1vel vazam, o Brasil tem um preju\u00edzo enorme junto a outros pa\u00edses&#8221;, afirmou.&nbsp;<\/p>\n\n\n\n<p>O presidente afirmou que n\u00e3o quer vetar nem censurar qualquer divulga\u00e7\u00e3o de n\u00fameros sobre desmatamento. Mas afirmou que os dados devem ser divulgados apenas quando se h\u00e1 certeza sobre eles.&nbsp;<\/p>\n\n\n\n<p>O presidente tamb\u00e9m colocou em xeque a veracidade dos dados. Segundo Bolsonaro, o ministro do Meio Ambiente Ricardo Salles afirmou que o Inpe computou \u00e1reas sobrepostas ao medir o desmatamento.&nbsp;<\/p>\n\n\n\n<p>&#8220;A suspeita, o alerta de desmatamento, ao contr\u00e1rio daqueles que falaram h\u00e1 poucos dias, pode n\u00e3o ser verdadeira&#8221;, disse Bolsonaro.&nbsp;<\/p>\n\n\n\n<p>Ele citou como exemplo hipot\u00e9tico um fazendeiro na Amaz\u00f4nia que porventura tenha voltado a desmatar uma \u00e1rea em que legalmente ele poderia suprimir a vegeta\u00e7\u00e3o e os dados tenham sido computados como novos desmatamentos.&nbsp;<\/p>\n\n\n\n<p>&#8220;Isso \u00e9 p\u00e9ssimo para n\u00f3s. N\u00f3s temos um acordo enorme com o Mercosul e come\u00e7am j\u00e1 ru\u00eddos [de informa\u00e7\u00e3o]. Isso traz um preju\u00edzo enorme para o Brasil. N\u00e3o temos medo da verdade, mas n\u00e3o posso admitir irresponsabilidade na divulga\u00e7\u00e3o de certos n\u00fameros por parte de funcion\u00e1rios&#8221;, disse.&nbsp;<\/p>\n\n\n\n<p>O presidente n\u00e3o quis adiantar nomes de poss\u00edveis substitutos de Ricardo Galv\u00e3o. Afirmou que os seus ministros tem liberdade para nomear seus subordinados, mas que ele, como presidente, tem poder de veto.<\/p>\n\n\n\n<p>O presidente veio \u00e0 Bahia para inaugurar a primeira etapa da Usina Solar Flutuante, erguida pela Chesf (Companhia Hidro El\u00e9trica do S\u00e3o Francisco) em Sobradinho.<br>Or\u00e7ado em R$ 55 milh\u00f5es, a usina possui 3.792 pain\u00e9is solares e pot\u00eancia instalada de um megawatt pico. O projeto foi licitado na gest\u00e3o da ex-presidente Dilma Rousseff (PT) e iniciado no governo Michel Temer (MDB).&nbsp;<\/p>\n\n\n\n<p>A visita acontece dias depois de Bolsonaro dar o sinal verde para que o&nbsp; governo federal inicie o processo de capitaliza\u00e7\u00e3o da Eletrobras que levar\u00e1 \u00e0 sa\u00edda da Uni\u00e3o do controle da empresa.&nbsp;<\/p>\n\n\n\n<p>A Chesf \u00e9 uma das subsidi\u00e1rias da Eletrobras. Fundada em 1948, \u00e9 respons\u00e1vel pela gest\u00e3o de 12 usinas hidroel\u00e9tricas no Nordeste.<br><\/p>\n","protected":false},"excerpt":{"rendered":"<p>&nbsp;O presidente Jair Bolsonaro (PSL) afirmou nesta segunda-feira (5) em Sobradinho (553 km de Salvador) que &#8220;maus brasileiros&#8221; divulgaram &#8220;n\u00fameros mentirosos&#8221; sobre o desmatamento na&hellip; <\/p>\n","protected":false},"author":1,"featured_media":107081,"comment_status":"closed","ping_status":"closed","sticky":false,"template":"","format":"standard","meta":{"sfsi_plus_gutenberg_text_before_share":"","sfsi_plus_gutenberg_show_text_before_share":"","sfsi_plus_gutenberg_icon_type":"","sfsi_plus_gutenberg_icon_alignemt":"","sfsi_plus_gutenburg_max_per_row":"","footnotes":""},"categories":[11],"tags":[],"class_list":["post-108713","post","type-post","status-publish","format-standard","has-post-thumbnail","hentry","category-politica"],"_links":{"self":[{"href":"https:\/\/www.caririemacao.com\/1\/wp-json\/wp\/v2\/posts\/108713","targetHints":{"allow":["GET"]}}],"collection":[{"href":"https:\/\/www.caririemacao.com\/1\/wp-json\/wp\/v2\/posts"}],"about":[{"href":"https:\/\/www.caririemacao.com\/1\/wp-json\/wp\/v2\/types\/post"}],"author":[{"embeddable":true,"href":"https:\/\/www.caririemacao.com\/1\/wp-json\/wp\/v2\/users\/1"}],"replies":[{"embeddable":true,"href":"https:\/\/www.caririemacao.com\/1\/wp-json\/wp\/v2\/comments?post=108713"}],"version-history":[{"count":1,"href":"https:\/\/www.caririemacao.com\/1\/wp-json\/wp\/v2\/posts\/108713\/revisions"}],"predecessor-version":[{"id":108714,"href":"https:\/\/www.caririemacao.com\/1\/wp-json\/wp\/v2\/posts\/108713\/revisions\/108714"}],"wp:featuredmedia":[{"embeddable":true,"href":"https:\/\/www.caririemacao.com\/1\/wp-json\/wp\/v2\/media\/107081"}],"wp:attachment":[{"href":"https:\/\/www.caririemacao.com\/1\/wp-json\/wp\/v2\/media?parent=108713"}],"wp:term":[{"taxonomy":"category","embeddable":true,"href":"https:\/\/www.caririemacao.com\/1\/wp-json\/wp\/v2\/categories?post=108713"},{"taxonomy":"post_tag","embeddable":true,"href":"https:\/\/www.caririemacao.com\/1\/wp-json\/wp\/v2\/tags?post=108713"}],"curies":[{"name":"wp","href":"https:\/\/api.w.org\/{rel}","templated":true}]}}