{"id":108718,"date":"2019-08-06T07:51:51","date_gmt":"2019-08-06T10:51:51","guid":{"rendered":"http:\/\/www.caririemacao.com\/1\/?p=108718"},"modified":"2019-08-06T07:51:51","modified_gmt":"2019-08-06T10:51:51","slug":"governo-federal-antecipa-parcela-do-13o-a-aposentados-e-pensionistas","status":"publish","type":"post","link":"https:\/\/www.caririemacao.com\/1\/2019\/08\/06\/governo-federal-antecipa-parcela-do-13o-a-aposentados-e-pensionistas\/","title":{"rendered":"Governo federal antecipa parcela do 13\u00ba a aposentados e pensionistas"},"content":{"rendered":"\n<p>&nbsp;O presidente Jair Bolsonaro assinou nesta segunda-feira (5) medida provis\u00f3ria que antecipa a primeira parcela do 13\u00ba sal\u00e1rio para aposentados e pensionistas do INSS ( Instituto Nacional do Seguro Social).<\/p>\n\n\n\n<p>Segundo o porta-voz da Presid\u00eancia da Rep\u00fablica, Ot\u00e1vio R\u00eago Barros, a iniciativa ir\u00e1 liberar um montante de R$ 21 bilh\u00f5es para 30 milh\u00f5es de benefici\u00e1rios em todo o pa\u00eds, o que representa 50% do total.<\/p>\n\n\n\n<p>A assinatura da medida torna a antecipa\u00e7\u00e3o do pagamento uma medida de governo, prevendo o seu pagamento no final de agosto nos pr\u00f3ximos anos.<\/p>\n\n\n\n<p>\u201cEssa medida, al\u00e9m de aquecer a economia, proporciona seguran\u00e7a e previsibilidade para os aposentados, que ter\u00e3o a garantia e a certeza de que receber\u00e3o essa antecipa\u00e7\u00e3o todos os anos\u201d, disse.<\/p>\n","protected":false},"excerpt":{"rendered":"<p>&nbsp;O presidente Jair Bolsonaro assinou nesta segunda-feira (5) medida provis\u00f3ria que antecipa a primeira parcela do 13\u00ba sal\u00e1rio para aposentados e pensionistas do INSS (&hellip; <\/p>\n","protected":false},"author":1,"featured_media":103549,"comment_status":"closed","ping_status":"closed","sticky":false,"template":"","format":"standard","meta":{"sfsi_plus_gutenberg_text_before_share":"","sfsi_plus_gutenberg_show_text_before_share":"","sfsi_plus_gutenberg_icon_type":"","sfsi_plus_gutenberg_icon_alignemt":"","sfsi_plus_gutenburg_max_per_row":"","footnotes":""},"categories":[2],"tags":[],"class_list":["post-108718","post","type-post","status-publish","format-standard","has-post-thumbnail","hentry","category-geral"],"_links":{"self":[{"href":"https:\/\/www.caririemacao.com\/1\/wp-json\/wp\/v2\/posts\/108718","targetHints":{"allow":["GET"]}}],"collection":[{"href":"https:\/\/www.caririemacao.com\/1\/wp-json\/wp\/v2\/posts"}],"about":[{"href":"https:\/\/www.caririemacao.com\/1\/wp-json\/wp\/v2\/types\/post"}],"author":[{"embeddable":true,"href":"https:\/\/www.caririemacao.com\/1\/wp-json\/wp\/v2\/users\/1"}],"replies":[{"embeddable":true,"href":"https:\/\/www.caririemacao.com\/1\/wp-json\/wp\/v2\/comments?post=108718"}],"version-history":[{"count":1,"href":"https:\/\/www.caririemacao.com\/1\/wp-json\/wp\/v2\/posts\/108718\/revisions"}],"predecessor-version":[{"id":108719,"href":"https:\/\/www.caririemacao.com\/1\/wp-json\/wp\/v2\/posts\/108718\/revisions\/108719"}],"wp:featuredmedia":[{"embeddable":true,"href":"https:\/\/www.caririemacao.com\/1\/wp-json\/wp\/v2\/media\/103549"}],"wp:attachment":[{"href":"https:\/\/www.caririemacao.com\/1\/wp-json\/wp\/v2\/media?parent=108718"}],"wp:term":[{"taxonomy":"category","embeddable":true,"href":"https:\/\/www.caririemacao.com\/1\/wp-json\/wp\/v2\/categories?post=108718"},{"taxonomy":"post_tag","embeddable":true,"href":"https:\/\/www.caririemacao.com\/1\/wp-json\/wp\/v2\/tags?post=108718"}],"curies":[{"name":"wp","href":"https:\/\/api.w.org\/{rel}","templated":true}]}}