{"id":108723,"date":"2019-08-06T07:59:40","date_gmt":"2019-08-06T10:59:40","guid":{"rendered":"http:\/\/www.caririemacao.com\/1\/?p=108723"},"modified":"2019-08-06T07:59:40","modified_gmt":"2019-08-06T10:59:40","slug":"previsao-do-tempo-para-esta-terca-feira-em-toda-paraiba-13","status":"publish","type":"post","link":"https:\/\/www.caririemacao.com\/1\/2019\/08\/06\/previsao-do-tempo-para-esta-terca-feira-em-toda-paraiba-13\/","title":{"rendered":"Previs\u00e3o do tempo para esta ter\u00e7a-feira em toda Para\u00edba"},"content":{"rendered":"\n<p>tempo dever\u00e1 permanecer com nebulosidade vari\u00e1vel e possibilidade de ocorr\u00eancia de chuvas esparsas na faixa leste do Estado.<\/p>\n\n\n\n<div class=\"wp-block-image\"><figure class=\"aligncenter\"><img decoding=\"async\" data-src=\"https:\/\/paraibaonline.com.br\/wp-content\/uploads\/2019\/08\/tempo0608.jpg\" alt=\"\" class=\"wp-image-756282 lazyload\" src=\"data:image\/svg+xml;base64,PHN2ZyB3aWR0aD0iMSIgaGVpZ2h0PSIxIiB4bWxucz0iaHR0cDovL3d3dy53My5vcmcvMjAwMC9zdmciPjwvc3ZnPg==\" \/><\/figure><\/div>\n\n\n\n<p>*Fonte: Aesa<\/p>\n","protected":false},"excerpt":{"rendered":"<p>tempo dever\u00e1 permanecer com nebulosidade vari\u00e1vel e possibilidade de ocorr\u00eancia de chuvas esparsas na faixa leste do Estado. *Fonte: Aesa<\/p>\n","protected":false},"author":1,"featured_media":6257,"comment_status":"closed","ping_status":"closed","sticky":false,"template":"","format":"standard","meta":{"sfsi_plus_gutenberg_text_before_share":"","sfsi_plus_gutenberg_show_text_before_share":"","sfsi_plus_gutenberg_icon_type":"","sfsi_plus_gutenberg_icon_alignemt":"","sfsi_plus_gutenburg_max_per_row":"","footnotes":""},"categories":[6],"tags":[],"class_list":["post-108723","post","type-post","status-publish","format-standard","has-post-thumbnail","hentry","category-cidades"],"_links":{"self":[{"href":"https:\/\/www.caririemacao.com\/1\/wp-json\/wp\/v2\/posts\/108723","targetHints":{"allow":["GET"]}}],"collection":[{"href":"https:\/\/www.caririemacao.com\/1\/wp-json\/wp\/v2\/posts"}],"about":[{"href":"https:\/\/www.caririemacao.com\/1\/wp-json\/wp\/v2\/types\/post"}],"author":[{"embeddable":true,"href":"https:\/\/www.caririemacao.com\/1\/wp-json\/wp\/v2\/users\/1"}],"replies":[{"embeddable":true,"href":"https:\/\/www.caririemacao.com\/1\/wp-json\/wp\/v2\/comments?post=108723"}],"version-history":[{"count":1,"href":"https:\/\/www.caririemacao.com\/1\/wp-json\/wp\/v2\/posts\/108723\/revisions"}],"predecessor-version":[{"id":108724,"href":"https:\/\/www.caririemacao.com\/1\/wp-json\/wp\/v2\/posts\/108723\/revisions\/108724"}],"wp:featuredmedia":[{"embeddable":true,"href":"https:\/\/www.caririemacao.com\/1\/wp-json\/wp\/v2\/media\/6257"}],"wp:attachment":[{"href":"https:\/\/www.caririemacao.com\/1\/wp-json\/wp\/v2\/media?parent=108723"}],"wp:term":[{"taxonomy":"category","embeddable":true,"href":"https:\/\/www.caririemacao.com\/1\/wp-json\/wp\/v2\/categories?post=108723"},{"taxonomy":"post_tag","embeddable":true,"href":"https:\/\/www.caririemacao.com\/1\/wp-json\/wp\/v2\/tags?post=108723"}],"curies":[{"name":"wp","href":"https:\/\/api.w.org\/{rel}","templated":true}]}}