{"id":108728,"date":"2019-08-06T08:03:18","date_gmt":"2019-08-06T11:03:18","guid":{"rendered":"http:\/\/www.caririemacao.com\/1\/?p=108728"},"modified":"2019-08-06T08:03:18","modified_gmt":"2019-08-06T11:03:18","slug":"damares-diz-que-brasil-enfrenta-epidemia-de-suicidio","status":"publish","type":"post","link":"https:\/\/www.caririemacao.com\/1\/2019\/08\/06\/damares-diz-que-brasil-enfrenta-epidemia-de-suicidio\/","title":{"rendered":"Damares diz que Brasil enfrenta &#8220;epidemia de suic\u00eddio&#8221;"},"content":{"rendered":"\n<p>&nbsp;ministra da Mulher, da Fam\u00edlia e dos Direitos Humanos, Damares Alves, afirmou que o Brasil \u201cest\u00e1 diante do caos da epidemia de suic\u00eddio\u201d. Para ela, o pa\u00eds pode ficar impressionado quando tiver n\u00fameros atualizados sobre o problema. \u201c\u00c9 poss\u00edvel que a gente se assuste. Que a gente esteja entre os cinco primeiros no mundo em suic\u00eddio e automutila\u00e7\u00e3o\u201d, afirmou.&nbsp;<\/p>\n\n\n\n<p>Damares Alves ressaltou que h\u00e1 um fen\u00f4meno dessas ocorr\u00eancias entre crian\u00e7as. \u201cN\u00f3s temos registro de crian\u00e7as de seis anos no Brasil que se suicidaram. A menina mais jovem que conversou comigo, que estava se automutilando e querendo se matar, tinha sete anos\u201d, revelou. Os casos tamb\u00e9m s\u00e3o cada vez mais comuns entre os jovens.&nbsp;<\/p>\n\n\n\n<p>Em entrevista \u00e0 jornalista Roseann Kennedy, no programa&nbsp;<em>Impress\u00f5es<\/em>, que vai ao ar nesta&nbsp;ter\u00e7a-feira (6) \u00e0s 23h, na&nbsp;<strong>TV Brasil<\/strong>, da&nbsp;<strong>Empresa Brasil de Comunica\u00e7\u00e3o<\/strong>&nbsp;(<strong>EBC<\/strong>), a ministra fez um apelo: &#8220;Todos eles que est\u00e3o se&nbsp; autoflagelando e tentando o suic\u00eddio falam que est\u00e3o com dor na alma. E a gente n\u00e3o pode subestimar isso. N\u00e3o subestime e, por favor, n\u00e3o recrimine. N\u00e3o use essa frase \u2018\u00e9 frescura, quer aparecer\u2019. N\u00e3o \u00e9! Essa gera\u00e7\u00e3o est\u00e1 em profundo sofrimento. N\u00f3s vamos ter que entender, saber o que est\u00e1 causando esse sofrimento. Essa gera\u00e7\u00e3o n\u00e3o sabe lidar com conflitos\u201d.&nbsp;<\/p>\n\n\n\n<p>Damares disse ainda que acredita que enfrentar esse tema \u00e9 um desafio da humanidade e que o Brasil j\u00e1 amarga n\u00fameros absurdos.<\/p>\n\n\n\n<p>A ministra lembrou que, segundo a Organiza\u00e7\u00e3o Mundial da Sa\u00fade (OMS), o pa\u00eds j\u00e1 \u00e9 o oitavo no mundo, mas que o relat\u00f3rio \u00e9 de um per\u00edodo em que havia subnotifica\u00e7\u00e3o. Com a nova legisla\u00e7\u00e3o, sancionada este ano no pa\u00eds, ser\u00e1 obrigat\u00f3rio informar suic\u00eddio, tentativa e o resultado de investiga\u00e7\u00e3o criminal que comprove que a pessoa optou pela pr\u00f3pria morte. A automutila\u00e7\u00e3o tamb\u00e9m&nbsp;ter\u00e1 de ser registrada.<\/p>\n\n\n\n<p>Damares afirmou o minist\u00e9rio focou nas orienta\u00e7\u00f5es estabelecidas pela OMS para falar sobre o assunto, para n\u00e3o haver risco de efeito cont\u00e1gio.<\/p>\n\n\n\n<p>\u201cVamos&nbsp;ter&nbsp;que fazer uma revis\u00e3o de valores, ir para a escola, conversar com os pais, trazer todo mundo para esse debate. Temos que&nbsp;ter&nbsp;muito cuidado e delicadeza para falar. Obedecer protocolos. N\u00f3s precisamos come\u00e7ar a falar com os l\u00edderes religiosos que a ora\u00e7\u00e3o \u00e9 importante, a f\u00e9 nesse processo \u00e9 importante, mas a gente tamb\u00e9m est\u00e1 diante de uma quest\u00e3o de sa\u00fade mental\u201d, alertou.&nbsp;<\/p>\n\n\n\n<p>Segundo a ministra, j\u00e1 h\u00e1 uma parceria com a Associa\u00e7\u00e3o Brasileira de Psiquiatria para os profissionais de sa\u00fade fazerem tutoriais para o minist\u00e9rio e a pasta treinar jornalistas, blogueiros, professores, conselheiros tutelares e l\u00edderes religiosos.&nbsp;<\/p>\n","protected":false},"excerpt":{"rendered":"<p>&nbsp;ministra da Mulher, da Fam\u00edlia e dos Direitos Humanos, Damares Alves, afirmou que o Brasil \u201cest\u00e1 diante do caos da epidemia de suic\u00eddio\u201d. Para ela,&hellip; <\/p>\n","protected":false},"author":1,"featured_media":106107,"comment_status":"closed","ping_status":"closed","sticky":false,"template":"","format":"standard","meta":{"sfsi_plus_gutenberg_text_before_share":"","sfsi_plus_gutenberg_show_text_before_share":"","sfsi_plus_gutenberg_icon_type":"","sfsi_plus_gutenberg_icon_alignemt":"","sfsi_plus_gutenburg_max_per_row":"","footnotes":""},"categories":[11],"tags":[],"class_list":["post-108728","post","type-post","status-publish","format-standard","has-post-thumbnail","hentry","category-politica"],"_links":{"self":[{"href":"https:\/\/www.caririemacao.com\/1\/wp-json\/wp\/v2\/posts\/108728","targetHints":{"allow":["GET"]}}],"collection":[{"href":"https:\/\/www.caririemacao.com\/1\/wp-json\/wp\/v2\/posts"}],"about":[{"href":"https:\/\/www.caririemacao.com\/1\/wp-json\/wp\/v2\/types\/post"}],"author":[{"embeddable":true,"href":"https:\/\/www.caririemacao.com\/1\/wp-json\/wp\/v2\/users\/1"}],"replies":[{"embeddable":true,"href":"https:\/\/www.caririemacao.com\/1\/wp-json\/wp\/v2\/comments?post=108728"}],"version-history":[{"count":1,"href":"https:\/\/www.caririemacao.com\/1\/wp-json\/wp\/v2\/posts\/108728\/revisions"}],"predecessor-version":[{"id":108729,"href":"https:\/\/www.caririemacao.com\/1\/wp-json\/wp\/v2\/posts\/108728\/revisions\/108729"}],"wp:featuredmedia":[{"embeddable":true,"href":"https:\/\/www.caririemacao.com\/1\/wp-json\/wp\/v2\/media\/106107"}],"wp:attachment":[{"href":"https:\/\/www.caririemacao.com\/1\/wp-json\/wp\/v2\/media?parent=108728"}],"wp:term":[{"taxonomy":"category","embeddable":true,"href":"https:\/\/www.caririemacao.com\/1\/wp-json\/wp\/v2\/categories?post=108728"},{"taxonomy":"post_tag","embeddable":true,"href":"https:\/\/www.caririemacao.com\/1\/wp-json\/wp\/v2\/tags?post=108728"}],"curies":[{"name":"wp","href":"https:\/\/api.w.org\/{rel}","templated":true}]}}