{"id":108739,"date":"2019-08-06T08:16:41","date_gmt":"2019-08-06T11:16:41","guid":{"rendered":"http:\/\/www.caririemacao.com\/1\/?p=108739"},"modified":"2019-08-06T08:16:41","modified_gmt":"2019-08-06T11:16:41","slug":"presidente-dos-estados-unidos-condena-supremacia-branca-apos-ataques","status":"publish","type":"post","link":"https:\/\/www.caririemacao.com\/1\/2019\/08\/06\/presidente-dos-estados-unidos-condena-supremacia-branca-apos-ataques\/","title":{"rendered":"Presidente dos Estados Unidos condena supremacia branca ap\u00f3s ataques"},"content":{"rendered":"\n<p>Em meio a cr\u00edticas, o presidente dos Estados Unidos, Donald Trump, condenou os ataques a tiros no Texas e Ohio como crimes b\u00e1rbaros contra a humanidade, al\u00e9m de culpar doen\u00e7as mentais e videogames pelos massacres. Ele n\u00e3o mencionou mudan\u00e7as na legisla\u00e7\u00e3o que facilita o acesso a armas de fogo.<\/p>\n\n\n\n<p>&#8220;Com uma s\u00f3 voz, nossa na\u00e7\u00e3o deve condenar o racismo, o fanatismo e o supremacismo branco&#8221;, disse Trump em pronunciamento na Casa Branca ap\u00f3s os tiroteios do fim de semana, que deixaram 30 mortos.<\/p>\n\n\n\n<p>O presidente mencionou que o atirador de El Paso, que abriu fogo de maneira indiscriminada num shopping da cidade localizada na fronteira com o M\u00e9xico, &#8220;publicou um manifesto na internet repleto de \u00f3dio racista&#8221;.<\/p>\n\n\n\n<p>Alvo constante de cr\u00edticas por utilizar ret\u00f3rica agressiva contra a imigra\u00e7\u00e3o e, em consequ\u00eancia, presumivelmente alimentar uma onda de viol\u00eancia, Trump respondeu \u00e0s insatisfa\u00e7\u00f5es dos oposicionistas, mostrando-se &#8220;indignado e enojado&#8221; pelos massacres do fim de semana. No entanto, n\u00e3o respondeu diretamente \u00e0s acusa\u00e7\u00f5es de que seus pr\u00f3prios coment\u00e1rios racistas possam ter contribu\u00eddo para o aumento das tens\u00f5es raciais.<\/p>\n\n\n\n<p>&#8220;Essas ideologias sinistras devem ser derrotadas. O \u00f3dio n\u00e3o tem lugar na Am\u00e9rica. O \u00f3dio distorce a mente, destr\u00f3i o cora\u00e7\u00e3o e devora a alma&#8221;, acrescentou Trump.<\/p>\n\n\n\n<p>O republicano afirmou que os condenados por crimes de \u00f3dio devem receber &#8220;pena de morte&#8221; com execu\u00e7\u00f5es &#8220;r\u00e1pidas&#8221;. Al\u00e9m disso, frisou que &#8220;a doen\u00e7a mental e o \u00f3dio s\u00e3o os que apertam o gatilho, n\u00e3o a pistola&#8221;, numa clara defesa ao direito ao porte de armas nos EUA.<\/p>\n\n\n\n<p>Ap\u00f3s o pronunciamento, democratas acusaram Trump de se esconder atr\u00e1s de um discurso sobre sa\u00fade mental, em vez de se comprometer a endurecer a legisla\u00e7\u00e3o sobre armas no pa\u00eds como meio de combater a viol\u00eancia e evitar massacres como os recentes.<\/p>\n","protected":false},"excerpt":{"rendered":"<p>Em meio a cr\u00edticas, o presidente dos Estados Unidos, Donald Trump, condenou os ataques a tiros no Texas e Ohio como crimes b\u00e1rbaros contra a&hellip; <\/p>\n","protected":false},"author":1,"featured_media":108013,"comment_status":"closed","ping_status":"closed","sticky":false,"template":"","format":"standard","meta":{"sfsi_plus_gutenberg_text_before_share":"","sfsi_plus_gutenberg_show_text_before_share":"","sfsi_plus_gutenberg_icon_type":"","sfsi_plus_gutenberg_icon_alignemt":"","sfsi_plus_gutenburg_max_per_row":"","footnotes":""},"categories":[11],"tags":[],"class_list":["post-108739","post","type-post","status-publish","format-standard","has-post-thumbnail","hentry","category-politica"],"_links":{"self":[{"href":"https:\/\/www.caririemacao.com\/1\/wp-json\/wp\/v2\/posts\/108739","targetHints":{"allow":["GET"]}}],"collection":[{"href":"https:\/\/www.caririemacao.com\/1\/wp-json\/wp\/v2\/posts"}],"about":[{"href":"https:\/\/www.caririemacao.com\/1\/wp-json\/wp\/v2\/types\/post"}],"author":[{"embeddable":true,"href":"https:\/\/www.caririemacao.com\/1\/wp-json\/wp\/v2\/users\/1"}],"replies":[{"embeddable":true,"href":"https:\/\/www.caririemacao.com\/1\/wp-json\/wp\/v2\/comments?post=108739"}],"version-history":[{"count":1,"href":"https:\/\/www.caririemacao.com\/1\/wp-json\/wp\/v2\/posts\/108739\/revisions"}],"predecessor-version":[{"id":108740,"href":"https:\/\/www.caririemacao.com\/1\/wp-json\/wp\/v2\/posts\/108739\/revisions\/108740"}],"wp:featuredmedia":[{"embeddable":true,"href":"https:\/\/www.caririemacao.com\/1\/wp-json\/wp\/v2\/media\/108013"}],"wp:attachment":[{"href":"https:\/\/www.caririemacao.com\/1\/wp-json\/wp\/v2\/media?parent=108739"}],"wp:term":[{"taxonomy":"category","embeddable":true,"href":"https:\/\/www.caririemacao.com\/1\/wp-json\/wp\/v2\/categories?post=108739"},{"taxonomy":"post_tag","embeddable":true,"href":"https:\/\/www.caririemacao.com\/1\/wp-json\/wp\/v2\/tags?post=108739"}],"curies":[{"name":"wp","href":"https:\/\/api.w.org\/{rel}","templated":true}]}}