{"id":108750,"date":"2019-08-06T08:55:44","date_gmt":"2019-08-06T11:55:44","guid":{"rendered":"http:\/\/www.caririemacao.com\/1\/?p=108750"},"modified":"2019-08-06T08:55:44","modified_gmt":"2019-08-06T11:55:44","slug":"prefeita-de-monteiro-anuncia-medidas-administrativas-e-processos-licitatorios-eletronicos","status":"publish","type":"post","link":"https:\/\/www.caririemacao.com\/1\/2019\/08\/06\/prefeita-de-monteiro-anuncia-medidas-administrativas-e-processos-licitatorios-eletronicos\/","title":{"rendered":"Prefeita de Monteiro anuncia medidas administrativas e processos licitat\u00f3rios eletr\u00f4nicos"},"content":{"rendered":"\n<p>Na \u00faltima sexta-feira, 02, em sua \u00faltima reuni\u00e3o \u00e0 frente da prefeitura de Monteiro, antes do gozo de sua licen\u00e7a maternidade, a prefeita Anna Lorena surpreendeu sua equipe administrativa com uma demonstra\u00e7\u00e3o de muita for\u00e7a e coragem, ao anunciar que far\u00e1 uma reforma qualitativa em sua administra\u00e7\u00e3o. Quando todos esperavam dela um natural cansa\u00e7o, \u00e0s v\u00e9speras do parto de sua primeira filha, que ocorreu nesta segunda-feira, 05, ela se superou e demonstrou muita determina\u00e7\u00e3o para conduzir a gest\u00e3o do Munic\u00edpio de Monteiro pelo caminho mais seguro e eficiente poss\u00edvel.<\/p>\n\n\n\n<p>Ap\u00f3s avaliar como positiva a recente a\u00e7\u00e3o da Pol\u00edcia Federal em alguns setores da administra\u00e7\u00e3o municipal, a prefeita Anna Lorena decidiu implantar medidas essenciais a uma evolu\u00e7\u00e3o administrativa, e decidiu buscar instrumentos tecnol\u00f3gicos eficazes para assegurar o m\u00e1ximo de lisura e transpar\u00eancia na execu\u00e7\u00e3o dos recursos p\u00fablicos. Durante a reuni\u00e3o ficou determinada a implanta\u00e7\u00e3o, imediata, do processo licitat\u00f3rio eletr\u00f4nico, como forma de afastar de vez, qualquer resqu\u00edcio de irregularidades ocorridas nas gest\u00f5es anteriores. Com esta medida, encerra-se toda e qualquer possibilidade de contato direito com eventuais organiza\u00e7\u00f5es criminosas formadas por empres\u00e1rios e os servidores que poderiam se relacionar para cometer alguma ilegalidade. Em s\u00edntese, com o sistema eletr\u00f4nico, n\u00e3o haver\u00e1 mais as tumultuadas sess\u00f5es presenciais, onde as empresas licitantes tinham que comparecer \u00e0 prefeitura e acabavam por tentar assediar, criminosamente, os demais concorrentes, na tentativa de diminuir a competi\u00e7\u00e3o e vencer as licita\u00e7\u00f5es de forma ilegal.<\/p>\n\n\n\n<p>O Munic\u00edpio de Monteiro, com a implanta\u00e7\u00e3o desse sistema, passa a ser a primeira cidade do Cariri e uma das primeiras da Para\u00edba a utilizar o processo eletr\u00f4nico de licita\u00e7\u00f5es. Para se ter uma ideia, \u00f3rg\u00e3os do Estado da Para\u00edba e do Minist\u00e9rio P\u00fablico Estadual ainda n\u00e3o aderiram ao processo eletr\u00f4nico. Conforme estudos da Controladoria Geral da Uni\u00e3o, o processo eletr\u00f4nico \u00e9 o instrumento mais eficaz no combate \u00e0s fraudes em licita\u00e7\u00f5es, tendo em vista a impossibilidade de altera\u00e7\u00e3o posterior de atos, ante a vincula\u00e7\u00e3o \u00e0s assinaturas digitais que registram data e hor\u00e1rio de cada ato administrativo e cada documento produzido no sistema, de forma ordenada e sequencial. Al\u00e9m disso, possibilita que qualquer cidad\u00e3o, em qualquer local do mundo, pela internet, possa acompanhar, em tempo real, o andamento de cada processo licitat\u00f3rio. \u00c9 um instrumento que traz transpar\u00eancia absoluta neste processo de contrata\u00e7\u00e3o de bens e servi\u00e7os pelo poder p\u00fablico.<\/p>\n\n\n\n<p>Tamb\u00e9m ficou decidido o in\u00edcio do planejamento para elabora\u00e7\u00e3o do pr\u00f3ximo processo seletivo simplificado para contrata\u00e7\u00e3o de servi\u00e7os de excepcional interesse p\u00fablico, que ocorrer\u00e1 ainda neste m\u00eas de agosto. A preocupa\u00e7\u00e3o desta medida \u00e9 evitar a responsabiliza\u00e7\u00e3o pelo crime de contrata\u00e7\u00e3o ilegal, que acabou condenando a gestora anterior.<\/p>\n\n\n\n<p>Com estas medidas, simples, mas eficazes, a atual prefeita demonstra seu compromisso com o combate \u00e0s poss\u00edveis pr\u00e1ticas criminosas que, eventualmente, alguns dos seus agentes p\u00fablicos venham trair a confian\u00e7a da gest\u00e3o e sejam tentados a pratic\u00e1-las.<\/p>\n\n\n\n<p>Os motivos de tais medidas tem por objetivo extinguir os resqu\u00edcios das velhas pr\u00e1ticas, que somente foram percebidas com a ajuda das investiga\u00e7\u00f5es da Pol\u00edcia Federal, que realizaram um excelente trabalho na \u00faltima opera\u00e7\u00e3o, ajudando a atual administra\u00e7\u00e3o a criar estes novos mecanismos protetivos.<\/p>\n\n\n\n<p>Ao concluir o encontro com alguns auxiliares, a prefeita anunciou a rescis\u00e3o de todos os contratos com as empresas envolvidas na opera\u00e7\u00e3o e comentou: \u201cEsta opera\u00e7\u00e3o da Pol\u00edcia Federal veio em boa hora. Alguns podem at\u00e9 ter comemorado, inadvertidamente, a presen\u00e7a da Pol\u00edcia Federal em Monteiro. Mas n\u00e3o teriam agido, nem tido o mesmo sentimento, se soubessem que estavam, de certo modo, a nosso favor, com repercuss\u00f5es judiciais negativas, somente, aos respons\u00e1veis pelas conden\u00e1veis pr\u00e1ticas administrativas das gest\u00f5es anteriores. Todos os contratos firmados com as empresas envolvidas na organiza\u00e7\u00e3o criminosa foram rescindidos e investigaremos, com rigor, se houve a facilita\u00e7\u00e3o por parte de algum servidor em exerc\u00edcio\u201d.<\/p>\n\n\n\n<p>Ap\u00f3s esta avalia\u00e7\u00e3o, a prefeita Anna Lorena considera que este \u00e9 mais um passo ao desenvolvimento administrativo, trazendo e criando novas ferramentas para assegurar que a integralidade dos recursos p\u00fablicos ser\u00e3o aplicados, de forma eficaz, para garantir que nunca falte aos cidad\u00e3os servi\u00e7os de qualidade na sa\u00fade, na educa\u00e7\u00e3o e nos demais setores geridos pelo Munic\u00edpio.<\/p>\n","protected":false},"excerpt":{"rendered":"<p>Na \u00faltima sexta-feira, 02, em sua \u00faltima reuni\u00e3o \u00e0 frente da prefeitura de Monteiro, antes do gozo de sua licen\u00e7a maternidade, a prefeita Anna Lorena&hellip; <\/p>\n","protected":false},"author":1,"featured_media":17531,"comment_status":"closed","ping_status":"closed","sticky":false,"template":"","format":"standard","meta":{"sfsi_plus_gutenberg_text_before_share":"","sfsi_plus_gutenberg_show_text_before_share":"","sfsi_plus_gutenberg_icon_type":"","sfsi_plus_gutenberg_icon_alignemt":"","sfsi_plus_gutenburg_max_per_row":"","footnotes":""},"categories":[11],"tags":[],"class_list":["post-108750","post","type-post","status-publish","format-standard","has-post-thumbnail","hentry","category-politica"],"_links":{"self":[{"href":"https:\/\/www.caririemacao.com\/1\/wp-json\/wp\/v2\/posts\/108750","targetHints":{"allow":["GET"]}}],"collection":[{"href":"https:\/\/www.caririemacao.com\/1\/wp-json\/wp\/v2\/posts"}],"about":[{"href":"https:\/\/www.caririemacao.com\/1\/wp-json\/wp\/v2\/types\/post"}],"author":[{"embeddable":true,"href":"https:\/\/www.caririemacao.com\/1\/wp-json\/wp\/v2\/users\/1"}],"replies":[{"embeddable":true,"href":"https:\/\/www.caririemacao.com\/1\/wp-json\/wp\/v2\/comments?post=108750"}],"version-history":[{"count":1,"href":"https:\/\/www.caririemacao.com\/1\/wp-json\/wp\/v2\/posts\/108750\/revisions"}],"predecessor-version":[{"id":108752,"href":"https:\/\/www.caririemacao.com\/1\/wp-json\/wp\/v2\/posts\/108750\/revisions\/108752"}],"wp:featuredmedia":[{"embeddable":true,"href":"https:\/\/www.caririemacao.com\/1\/wp-json\/wp\/v2\/media\/17531"}],"wp:attachment":[{"href":"https:\/\/www.caririemacao.com\/1\/wp-json\/wp\/v2\/media?parent=108750"}],"wp:term":[{"taxonomy":"category","embeddable":true,"href":"https:\/\/www.caririemacao.com\/1\/wp-json\/wp\/v2\/categories?post=108750"},{"taxonomy":"post_tag","embeddable":true,"href":"https:\/\/www.caririemacao.com\/1\/wp-json\/wp\/v2\/tags?post=108750"}],"curies":[{"name":"wp","href":"https:\/\/api.w.org\/{rel}","templated":true}]}}