{"id":108761,"date":"2019-08-06T09:51:21","date_gmt":"2019-08-06T12:51:21","guid":{"rendered":"http:\/\/www.caririemacao.com\/1\/?p=108761"},"modified":"2019-08-06T09:51:21","modified_gmt":"2019-08-06T12:51:21","slug":"marinha-renova-alerta-de-ressaca-e-litoral-nordestino-pode-ter-ondas-de-ate-35-metros","status":"publish","type":"post","link":"https:\/\/www.caririemacao.com\/1\/2019\/08\/06\/marinha-renova-alerta-de-ressaca-e-litoral-nordestino-pode-ter-ondas-de-ate-35-metros\/","title":{"rendered":"Marinha renova alerta de ressaca e litoral nordestino pode ter ondas de at\u00e9 3,5 metros"},"content":{"rendered":"\n<p>Um novo alerta de perigo de ressaca foi emitido pela Marinha do Brasil nesta segunda-feira (05) para a regi\u00e3o Nordeste. O aviso aponta a possibilidade de ondas com at\u00e9 3,5 metros, al\u00e9m de ventos fortes de 61 km\/h na regi\u00e3o que abarca os estados entre a Bahia e o Maranh\u00e3o.<\/p>\n\n\n\n<p>A validade do alerta vai at\u00e9 as 8h da pr\u00f3xima quinta-feira (08). O problema de mau tempo \u00e9 provocado por um sistema de alta press\u00e3o sobre o oceano.<\/p>\n\n\n\n<p>A recomenda\u00e7\u00e3o \u00e9 para que as embarca\u00e7\u00f5es de pequeno porte evitem a navega\u00e7\u00e3o e que as demais embarca\u00e7\u00f5es redobrem a aten\u00e7\u00e3o quanto ao material de salvatagem, estado geral dos motores, casco, bomba de esgoto do por\u00e3o, equipamentos de r\u00e1dio e demais itens de seguran\u00e7a<\/p>\n\n\n\n<figure class=\"wp-block-image\"><img decoding=\"async\" data-src=\"https:\/\/www.clickpb.com.br\/media\/filer_public\/15\/f5\/15f5661b-fbb7-431f-99d3-b78d8c87c91e\/alerta_ressaca_-_marinha.jpg\" alt=\"\" src=\"data:image\/svg+xml;base64,PHN2ZyB3aWR0aD0iMSIgaGVpZ2h0PSIxIiB4bWxucz0iaHR0cDovL3d3dy53My5vcmcvMjAwMC9zdmciPjwvc3ZnPg==\" class=\"lazyload\" \/><\/figure>\n","protected":false},"excerpt":{"rendered":"<p>Um novo alerta de perigo de ressaca foi emitido pela Marinha do Brasil nesta segunda-feira (05) para a regi\u00e3o Nordeste. O aviso aponta a possibilidade&hellip; <\/p>\n","protected":false},"author":1,"featured_media":108762,"comment_status":"closed","ping_status":"closed","sticky":false,"template":"","format":"standard","meta":{"sfsi_plus_gutenberg_text_before_share":"","sfsi_plus_gutenberg_show_text_before_share":"","sfsi_plus_gutenberg_icon_type":"","sfsi_plus_gutenberg_icon_alignemt":"","sfsi_plus_gutenburg_max_per_row":"","footnotes":""},"categories":[2],"tags":[],"class_list":["post-108761","post","type-post","status-publish","format-standard","has-post-thumbnail","hentry","category-geral"],"_links":{"self":[{"href":"https:\/\/www.caririemacao.com\/1\/wp-json\/wp\/v2\/posts\/108761","targetHints":{"allow":["GET"]}}],"collection":[{"href":"https:\/\/www.caririemacao.com\/1\/wp-json\/wp\/v2\/posts"}],"about":[{"href":"https:\/\/www.caririemacao.com\/1\/wp-json\/wp\/v2\/types\/post"}],"author":[{"embeddable":true,"href":"https:\/\/www.caririemacao.com\/1\/wp-json\/wp\/v2\/users\/1"}],"replies":[{"embeddable":true,"href":"https:\/\/www.caririemacao.com\/1\/wp-json\/wp\/v2\/comments?post=108761"}],"version-history":[{"count":1,"href":"https:\/\/www.caririemacao.com\/1\/wp-json\/wp\/v2\/posts\/108761\/revisions"}],"predecessor-version":[{"id":108763,"href":"https:\/\/www.caririemacao.com\/1\/wp-json\/wp\/v2\/posts\/108761\/revisions\/108763"}],"wp:featuredmedia":[{"embeddable":true,"href":"https:\/\/www.caririemacao.com\/1\/wp-json\/wp\/v2\/media\/108762"}],"wp:attachment":[{"href":"https:\/\/www.caririemacao.com\/1\/wp-json\/wp\/v2\/media?parent=108761"}],"wp:term":[{"taxonomy":"category","embeddable":true,"href":"https:\/\/www.caririemacao.com\/1\/wp-json\/wp\/v2\/categories?post=108761"},{"taxonomy":"post_tag","embeddable":true,"href":"https:\/\/www.caririemacao.com\/1\/wp-json\/wp\/v2\/tags?post=108761"}],"curies":[{"name":"wp","href":"https:\/\/api.w.org\/{rel}","templated":true}]}}