{"id":108768,"date":"2019-08-06T09:59:10","date_gmt":"2019-08-06T12:59:10","guid":{"rendered":"http:\/\/www.caririemacao.com\/1\/?p=108768"},"modified":"2019-08-06T09:59:10","modified_gmt":"2019-08-06T12:59:10","slug":"agua-da-transposicao-chegara-nessa-sexta-feira-em-monteiro-informou-o-deputado-moacir","status":"publish","type":"post","link":"https:\/\/www.caririemacao.com\/1\/2019\/08\/06\/agua-da-transposicao-chegara-nessa-sexta-feira-em-monteiro-informou-o-deputado-moacir\/","title":{"rendered":"\u00c1gua da Transposi\u00e7\u00e3o chegar\u00e1 nessa sexta-feira em Monteiro, informou o deputado Moacir"},"content":{"rendered":"\n<p>O deputado estadual, Moacir Rodrigues, comemorou na \u00faltima semana o an\u00fancio da libera\u00e7\u00e3o das \u00e1guas do Rio S\u00e3o Francisco para o Eixo Leste, levando \u00e1guas para o Rio Para\u00edba. <\/p>\n\n\n\n<figure class=\"wp-block-image\"><img fetchpriority=\"high\" decoding=\"async\" width=\"1024\" height=\"683\" src=\"http:\/\/www.caririemacao.com\/1\/wp-content\/uploads\/2019\/08\/DSC_0068-1024x683.jpg\" alt=\"\" class=\"wp-image-108122\" srcset=\"https:\/\/www.caririemacao.com\/1\/wp-content\/uploads\/2019\/08\/DSC_0068-1024x683.jpg 1024w, https:\/\/www.caririemacao.com\/1\/wp-content\/uploads\/2019\/08\/DSC_0068-300x200.jpg 300w, https:\/\/www.caririemacao.com\/1\/wp-content\/uploads\/2019\/08\/DSC_0068-768x512.jpg 768w\" sizes=\"(max-width: 1024px) 100vw, 1024px\" \/><\/figure>\n\n\n\n<p>Segundo o deputado, o Governo Federal informou que as \u00e1guas\ndevem chegar na cidade de Monteiro j\u00e1 nesta sexta-feira, dia 09, trazendo mais\nseguran\u00e7a h\u00eddrica para a regi\u00e3o e para a Rainha da Borborema, Campina Grande.<\/p>\n\n\n\n<p>\u201cDiante das boas not\u00edcias do Governo Federal em\ninvestimentos nas Obras que ir\u00e1 proporcionar seguran\u00e7a h\u00eddrica ao Nordeste,\nrecebemos a not\u00edcia da chegada das \u00e1guas da transposi\u00e7\u00e3o em Monteiro na pr\u00f3xima\nsexta-feira!\u201d, comemorou.<\/p>\n","protected":false},"excerpt":{"rendered":"<p>O deputado estadual, Moacir Rodrigues, comemorou na \u00faltima semana o an\u00fancio da libera\u00e7\u00e3o das \u00e1guas do Rio S\u00e3o Francisco para o Eixo Leste, levando \u00e1guas&hellip; <\/p>\n","protected":false},"author":2,"featured_media":108769,"comment_status":"closed","ping_status":"closed","sticky":false,"template":"","format":"standard","meta":{"sfsi_plus_gutenberg_text_before_share":"","sfsi_plus_gutenberg_show_text_before_share":"","sfsi_plus_gutenberg_icon_type":"","sfsi_plus_gutenberg_icon_alignemt":"","sfsi_plus_gutenburg_max_per_row":"","footnotes":""},"categories":[50,2],"tags":[],"class_list":["post-108768","post","type-post","status-publish","format-standard","has-post-thumbnail","hentry","category-destaque","category-geral"],"_links":{"self":[{"href":"https:\/\/www.caririemacao.com\/1\/wp-json\/wp\/v2\/posts\/108768","targetHints":{"allow":["GET"]}}],"collection":[{"href":"https:\/\/www.caririemacao.com\/1\/wp-json\/wp\/v2\/posts"}],"about":[{"href":"https:\/\/www.caririemacao.com\/1\/wp-json\/wp\/v2\/types\/post"}],"author":[{"embeddable":true,"href":"https:\/\/www.caririemacao.com\/1\/wp-json\/wp\/v2\/users\/2"}],"replies":[{"embeddable":true,"href":"https:\/\/www.caririemacao.com\/1\/wp-json\/wp\/v2\/comments?post=108768"}],"version-history":[{"count":1,"href":"https:\/\/www.caririemacao.com\/1\/wp-json\/wp\/v2\/posts\/108768\/revisions"}],"predecessor-version":[{"id":108770,"href":"https:\/\/www.caririemacao.com\/1\/wp-json\/wp\/v2\/posts\/108768\/revisions\/108770"}],"wp:featuredmedia":[{"embeddable":true,"href":"https:\/\/www.caririemacao.com\/1\/wp-json\/wp\/v2\/media\/108769"}],"wp:attachment":[{"href":"https:\/\/www.caririemacao.com\/1\/wp-json\/wp\/v2\/media?parent=108768"}],"wp:term":[{"taxonomy":"category","embeddable":true,"href":"https:\/\/www.caririemacao.com\/1\/wp-json\/wp\/v2\/categories?post=108768"},{"taxonomy":"post_tag","embeddable":true,"href":"https:\/\/www.caririemacao.com\/1\/wp-json\/wp\/v2\/tags?post=108768"}],"curies":[{"name":"wp","href":"https:\/\/api.w.org\/{rel}","templated":true}]}}