{"id":108778,"date":"2019-08-06T10:04:28","date_gmt":"2019-08-06T13:04:28","guid":{"rendered":"http:\/\/www.caririemacao.com\/1\/?p=108778"},"modified":"2019-08-06T10:04:28","modified_gmt":"2019-08-06T13:04:28","slug":"estados-unidos-bloqueiam-todos-os-ativos-da-venezuela","status":"publish","type":"post","link":"https:\/\/www.caririemacao.com\/1\/2019\/08\/06\/estados-unidos-bloqueiam-todos-os-ativos-da-venezuela\/","title":{"rendered":"Estados Unidos bloqueiam todos os ativos da Venezuela"},"content":{"rendered":"\n<p>o \u00a0presidente dos Estados Unidos, Donald Trump, ordenou o congelamento de todos os ativos da Venezuela em solo americano. A medida se soma a uma s\u00e9rie de puni\u00e7\u00f5es j\u00e1 aplicadas ao governo do presidente Nicol\u00e1s Maduro, considerado ileg\u00edtimo por Washington.<\/p>\n\n\n\n<p>Em carta enviada \u00e0 l\u00edder da C\u00e2mara dos Representantes, Nancy Pelosi, Trump disse que adotou a medida em raz\u00e3o da &#8220;cont\u00ednua usurpa\u00e7\u00e3o de poder&#8221; por Maduro e abusos contra os direitos humanos cometidas por for\u00e7as de seguran\u00e7a leais a ele.<\/p>\n\n\n\n<p>O bloqueio afeta &#8220;todos os ativos e interesses em propriedade do governo da Venezuela nos Estados Unidos&#8221;, diz a ordem, acrescentando que esses bens &#8220;n\u00e3o podem ser transferidos, pagos, exportados, retirados ou manejados&#8221;.<\/p>\n\n\n\n<p>Transa\u00e7\u00f5es com autoridades venezuelanas cujos ativos est\u00e3o bloqueados tamb\u00e9m est\u00e3o proibidas.<\/p>\n\n\n\n<p>Fica vetada a entrega ou recebimento de &#8220;qualquer contribui\u00e7\u00e3o ou provis\u00e3o de fundos, bens ou servi\u00e7os por ou para o benef\u00edcio de qualquer pessoa cujas propriedades e interesses estejam bloqueados sob esta ordem&#8221;.<\/p>\n\n\n\n<p>A medida, por\u00e9m, exclui &#8220;transa\u00e7\u00f5es relacionadas ao fornecimento de artigos como roupas e medicamentos destinados a ajudar no al\u00edvio do sofrimento humano&#8221;.<\/p>\n\n\n\n<p>Segundo o Wall Street Journal, a medida foi a primeira dessa magnitude adotada contra um pa\u00eds ocidental em mais de 30 anos, com restri\u00e7\u00f5es semelhantes \u00e0s impostas aos regimes da Coreia do Norte, Ir\u00e3, S\u00edria e Cuba.<\/p>\n\n\n\n<p><strong>Retalia\u00e7\u00f5es<\/strong><\/p>\n\n\n\n<p>Apesar de poupar o setor privado venezuelano, o bloqueio amea\u00e7a com poss\u00edveis retalia\u00e7\u00f5es do governo americano as entidades estrangeiras que fizerem neg\u00f3cios com a Venezuela.<\/p>\n\n\n\n<p>A ordem, que ficou pouco distante de ser um embargo comercial, se tornou a a\u00e7\u00e3o mais decisiva do governo Trump contra o regime de Maduro desde que Washington reconheceu o opositor Juan Guaid\u00f3 como presidente interino do pa\u00eds, em janeiro deste ano.<\/p>\n\n\n\n<p>Nos \u00faltimos dois anos, a Casa Branca vem impondo uma s\u00e9rie de san\u00e7\u00f5es contra o governo de Maduro, entre estas, restri\u00e7\u00f5es ao com\u00e9rcio de petr\u00f3leo bruto \u2013 a maior fonte de renda do pa\u00eds \u2013 atrav\u00e9s da estatal venezuelana PDVSA. As san\u00e7\u00f5es sobre o com\u00e9rcio de petr\u00f3leo aceleraram o colapso da produ\u00e7\u00e3o nacional, iniciado ap\u00f3s a elei\u00e7\u00e3o de Maduro, em 2013.<\/p>\n\n\n\n<p>As medidas tamb\u00e9m punem funcion\u00e1rios, familiares e pessoas pr\u00f3ximas ao governo venezuelano. Mais de 100 autoridades e indiv\u00edduos tiveram seus bens congelados nos EUA e foram proibidos de realizar neg\u00f3cios nos pa\u00eds. At\u00e9 mesmo um filho e enteados de Maduro tamb\u00e9m foram alvo de puni\u00e7\u00f5es.<\/p>\n\n\n\n<p>Guaid\u00f3, reconhecido como presidente interino por cerca de 50 pa\u00edses, disse &#8211; atrav\u00e9s do Twitter &#8211; que o bloqueio americano &#8220;busca proteger os venezuelanos&#8221; da &#8220;ditadura&#8221; de Maduro, que, segundo diz, se sustenta com &#8220;dinheiro saqueado da Rep\u00fablica&#8221;.<\/p>\n\n\n\n<p>&#8220;Essa a\u00e7\u00e3o \u00e9 consequ\u00eancia da arrog\u00e2ncia de uma usurpa\u00e7\u00e3o invi\u00e1vel e indolente. Aqueles que a apoiam, beneficiando-se da fome e da dor dos venezuelanos, devem saber que haver\u00e1 consequ\u00eancias&#8221;, disse o l\u00edder opositor.<\/p>\n\n\n\n<p><strong>Bloqueio ou uma quarentena \u00e0 Venezuela<\/strong><\/p>\n\n\n\n<p>Na semana passada, Trump confirmou que cogita impor um bloqueio ou uma quarentena \u00e0 Venezuela para pressionar Maduro a deixar o poder. A jornalistas reunidos nos jardins da Casa Branca, ele&nbsp; disse que ambas as hip\u00f3teses est\u00e3o sendo avaliadas.<\/p>\n\n\n\n<p>&#8220;O senhor est\u00e1 considerando um bloqueio ou quarentena \u00e0 Venezuela, diante do grau de envolvimento da R\u00fassia, China e Ir\u00e3?&#8221;, perguntou o jornalista. &#8220;Sim, estou&#8221;, respondeu Trump. &#8220;Sim, estou&#8221;, repetiu, sem dar mais detalhes.<\/p>\n\n\n\n<p>&#8220;Estamos preparados para qualquer batalha. Este Mar do Caribe \u00e9 da Venezuela, e o imp\u00e9rio americano pretende fazer uma quarentena naval da Venezuela. Repudiamos fortemente essa nova tentativa de amea\u00e7a&#8221;, respondeu Maduro.<\/p>\n\n\n\n<p>O l\u00edder venezuelano afirmou ainda que pediu ao embaixador do pa\u00eds na Oreganiza\u00e7\u00e3o das Na\u00e7\u00f5es Unidas (ONU), Samuel Moncada, que denuncie essa &#8220;amea\u00e7a ilegal&#8221; ao Conselho de Seguran\u00e7a das Na\u00e7\u00f5es Unidas.<\/p>\n\n\n\n<p>Apesar da grave recess\u00e3o, san\u00e7\u00f5es internacionais e dos protestos em massa realizados no pa\u00eds, Maduro vem conseguindo se manter no poder com o apoio das For\u00e7as Armadas. Durante seu governo, o pa\u00eds, que possui uma das maiores reservas de petr\u00f3leo do mundo, caiu na pior crise econ\u00f4mica de sua hist\u00f3ria.<\/p>\n\n\n\n<p>Segundo a ONU, em torno de 4 milh\u00f5es de cidad\u00e3os emigraram para outros pa\u00edses desde 2015.<\/p>\n\n\n\n<p>EuNesta ter\u00e7a-feira, come\u00e7a em Lima, no Peru, uma confer\u00eancia de 60 pa\u00edses que buscam uma sa\u00edda pac\u00edfica para a crise pol\u00edtica na Venezuela, ainda que sem a presen\u00e7a dos pa\u00edses que apoiam o regime de Maduro. Os EUA prometeram o an\u00fancio de medidas decisivas contra Maduro durante o evento.<\/p>\n","protected":false},"excerpt":{"rendered":"<p>o \u00a0presidente dos Estados Unidos, Donald Trump, ordenou o congelamento de todos os ativos da Venezuela em solo americano. A medida se soma a uma&hellip; <\/p>\n","protected":false},"author":1,"featured_media":108780,"comment_status":"closed","ping_status":"closed","sticky":false,"template":"","format":"standard","meta":{"sfsi_plus_gutenberg_text_before_share":"","sfsi_plus_gutenberg_show_text_before_share":"","sfsi_plus_gutenberg_icon_type":"","sfsi_plus_gutenberg_icon_alignemt":"","sfsi_plus_gutenburg_max_per_row":"","footnotes":""},"categories":[2],"tags":[],"class_list":["post-108778","post","type-post","status-publish","format-standard","has-post-thumbnail","hentry","category-geral"],"_links":{"self":[{"href":"https:\/\/www.caririemacao.com\/1\/wp-json\/wp\/v2\/posts\/108778","targetHints":{"allow":["GET"]}}],"collection":[{"href":"https:\/\/www.caririemacao.com\/1\/wp-json\/wp\/v2\/posts"}],"about":[{"href":"https:\/\/www.caririemacao.com\/1\/wp-json\/wp\/v2\/types\/post"}],"author":[{"embeddable":true,"href":"https:\/\/www.caririemacao.com\/1\/wp-json\/wp\/v2\/users\/1"}],"replies":[{"embeddable":true,"href":"https:\/\/www.caririemacao.com\/1\/wp-json\/wp\/v2\/comments?post=108778"}],"version-history":[{"count":1,"href":"https:\/\/www.caririemacao.com\/1\/wp-json\/wp\/v2\/posts\/108778\/revisions"}],"predecessor-version":[{"id":108781,"href":"https:\/\/www.caririemacao.com\/1\/wp-json\/wp\/v2\/posts\/108778\/revisions\/108781"}],"wp:featuredmedia":[{"embeddable":true,"href":"https:\/\/www.caririemacao.com\/1\/wp-json\/wp\/v2\/media\/108780"}],"wp:attachment":[{"href":"https:\/\/www.caririemacao.com\/1\/wp-json\/wp\/v2\/media?parent=108778"}],"wp:term":[{"taxonomy":"category","embeddable":true,"href":"https:\/\/www.caririemacao.com\/1\/wp-json\/wp\/v2\/categories?post=108778"},{"taxonomy":"post_tag","embeddable":true,"href":"https:\/\/www.caririemacao.com\/1\/wp-json\/wp\/v2\/tags?post=108778"}],"curies":[{"name":"wp","href":"https:\/\/api.w.org\/{rel}","templated":true}]}}