{"id":108792,"date":"2019-08-06T10:09:20","date_gmt":"2019-08-06T13:09:20","guid":{"rendered":"http:\/\/www.caririemacao.com\/1\/?p=108792"},"modified":"2019-08-06T10:09:20","modified_gmt":"2019-08-06T13:09:20","slug":"bolsonaro-assina-mp-para-antecipar-primeira-parcela-de-13o-para-aposentados","status":"publish","type":"post","link":"https:\/\/www.caririemacao.com\/1\/2019\/08\/06\/bolsonaro-assina-mp-para-antecipar-primeira-parcela-de-13o-para-aposentados\/","title":{"rendered":"Bolsonaro assina MP para antecipar primeira parcela de 13\u00ba para aposentados"},"content":{"rendered":"\n<p>O presidente Jair Bolsonaro assinou nesta segunda-feira uma medida provis\u00f3ria ( MP ) que garante a antecipa\u00e7\u00e3o da primeira parcela do 13\u00ba sal\u00e1rio para aposentados e pensionistas do INSS todos os anos. At\u00e9 agora, desde 2006, o adiantamento era feito por decreto. O m\u00eas para o saque dependia da vontade do governo.<\/p>\n\n\n\n<p>A expectativa neste ano \u00e9 beneficiar 30 milh\u00f5es de pessoas e injetar R$ 21 bilh\u00f5es na economia. A MP torna a antecipa\u00e7\u00e3o da primeira parcela do 13\u00ba obrigat\u00f3ria. O saque ser\u00e1 feito seguindo o calend\u00e1rio normal do INSS, entre o fim de agosto e o come\u00e7o de setembro.<\/p>\n\n\n\n<p>Para aqueles que recebem um sal\u00e1rio m\u00ednimo, os dep\u00f3sitos referentes a agosto ser\u00e3o feitos entre os dias 26 de agosto e 6 de setembro. Segurados com renda mensal acima do piso nacional ter\u00e3o seus pagamentos creditados a partir de 2 de setembro.<\/p>\n\n\n\n<p>&nbsp;O dinheiro ser\u00e1 depositado junto com a aposentadoria regular do segurado.<br><\/p>\n\n\n\n<p>\u2014 Esse ato al\u00e9m de aquecer a economia, proporciona seguran\u00e7a e previsibilidade para os aposentados, que ter\u00e3o a garantia e a certeza de que receber\u00e3o essa antecipa\u00e7\u00e3o todos os anos \u2014 disse o porta-voz da Presid\u00eancia da Rep\u00fablica, Ot\u00e1vio do R\u00eago Barros.<\/p>\n\n\n\n<p>Ter\u00e1 direito \u00e0 antecipa\u00e7\u00e3o todos os segurados com benef\u00edcios administrados pelo INSS, como aposentados e quem recebeu aux\u00edlio-doen\u00e7a &#8211; neste caso a antecipa\u00e7\u00e3o \u00e9 proporcional ao n\u00famero de meses em benef\u00edcio -, aux\u00edlio-acidente, aux\u00edlio-reclus\u00e3o ou pens\u00e3o por morte.<\/p>\n\n\n\n<p>&#8211;&nbsp; Estamos transformando essa pol\u00edtica, que sempre foi de governo, em pol\u00edtica de estado. Os aposentados ter\u00e3o garantia que receber\u00e3o esse pagamento \u2014 disse o secret\u00e1rio de Previd\u00eancia e Trabalho do Minist\u00e9rio da Economia, Rog\u00e9rio Marinho.<br><\/p>\n\n\n\n<p>Como se trata de medida provis\u00f3ria, a regra j\u00e1 est\u00e1 valendo. Mas a MP precisar\u00e1 ser aprovada pelo Congresso Nacional, dentro de 120 dias, para se tornar definitivamente lei.&nbsp;<\/p>\n","protected":false},"excerpt":{"rendered":"<p>O presidente Jair Bolsonaro assinou nesta segunda-feira uma medida provis\u00f3ria ( MP ) que garante a antecipa\u00e7\u00e3o da primeira parcela do 13\u00ba sal\u00e1rio para aposentados&hellip; <\/p>\n","protected":false},"author":1,"featured_media":107113,"comment_status":"closed","ping_status":"closed","sticky":false,"template":"","format":"standard","meta":{"sfsi_plus_gutenberg_text_before_share":"","sfsi_plus_gutenberg_show_text_before_share":"","sfsi_plus_gutenberg_icon_type":"","sfsi_plus_gutenberg_icon_alignemt":"","sfsi_plus_gutenburg_max_per_row":"","footnotes":""},"categories":[11],"tags":[],"class_list":["post-108792","post","type-post","status-publish","format-standard","has-post-thumbnail","hentry","category-politica"],"_links":{"self":[{"href":"https:\/\/www.caririemacao.com\/1\/wp-json\/wp\/v2\/posts\/108792","targetHints":{"allow":["GET"]}}],"collection":[{"href":"https:\/\/www.caririemacao.com\/1\/wp-json\/wp\/v2\/posts"}],"about":[{"href":"https:\/\/www.caririemacao.com\/1\/wp-json\/wp\/v2\/types\/post"}],"author":[{"embeddable":true,"href":"https:\/\/www.caririemacao.com\/1\/wp-json\/wp\/v2\/users\/1"}],"replies":[{"embeddable":true,"href":"https:\/\/www.caririemacao.com\/1\/wp-json\/wp\/v2\/comments?post=108792"}],"version-history":[{"count":1,"href":"https:\/\/www.caririemacao.com\/1\/wp-json\/wp\/v2\/posts\/108792\/revisions"}],"predecessor-version":[{"id":108793,"href":"https:\/\/www.caririemacao.com\/1\/wp-json\/wp\/v2\/posts\/108792\/revisions\/108793"}],"wp:featuredmedia":[{"embeddable":true,"href":"https:\/\/www.caririemacao.com\/1\/wp-json\/wp\/v2\/media\/107113"}],"wp:attachment":[{"href":"https:\/\/www.caririemacao.com\/1\/wp-json\/wp\/v2\/media?parent=108792"}],"wp:term":[{"taxonomy":"category","embeddable":true,"href":"https:\/\/www.caririemacao.com\/1\/wp-json\/wp\/v2\/categories?post=108792"},{"taxonomy":"post_tag","embeddable":true,"href":"https:\/\/www.caririemacao.com\/1\/wp-json\/wp\/v2\/tags?post=108792"}],"curies":[{"name":"wp","href":"https:\/\/api.w.org\/{rel}","templated":true}]}}