{"id":108814,"date":"2019-08-06T13:13:39","date_gmt":"2019-08-06T16:13:39","guid":{"rendered":"http:\/\/www.caririemacao.com\/1\/?p=108814"},"modified":"2019-08-06T13:13:39","modified_gmt":"2019-08-06T16:13:39","slug":"mais-um-ciclo-de-plenarias-do-odm-e-realizado-em-sume","status":"publish","type":"post","link":"https:\/\/www.caririemacao.com\/1\/2019\/08\/06\/mais-um-ciclo-de-plenarias-do-odm-e-realizado-em-sume\/","title":{"rendered":"Mais um ciclo de plen\u00e1rias do ODM \u00e9 realizado em Sum\u00e9"},"content":{"rendered":"\n<p>A Prefeitura de Sum\u00e9 promoveu na sexta-feira (02) e no s\u00e1bado (03), a&nbsp;<a href=\"http:\/\/numeracaoromana.babuo.com\/IX-numero-romano\" target=\"_blank\" rel=\"noreferrer noopener\">nona<\/a>&nbsp;e&nbsp;d\u00e9cima plen\u00e1rias do Or\u00e7amento Democr\u00e1tico Municipal, compreendendo as regi\u00f5es do Conjunto Sebasti\u00e3o Vitorino e Riacho da Ro\u00e7a. Nessas audi\u00eancias p\u00fablicas, os moradores locais ficam \u00e0 vontade para dizer quais s\u00e3o as prioridades de suas comunidades.<\/p>\n\n\n\n<p>A plen\u00e1ria do Conjunto, com grande participa\u00e7\u00e3o da comunidade, teve cinco conselheiros eleitos: Jasmin Ara\u00fajo, Pablo Medeiros, Sara Pereira, Jos\u00e9 Lucim\u00e1rio e Arthur Torres. Na ocasi\u00e3o, o prefeito \u00c9den Duarte, realizou tamb\u00e9m a entrega de um notebook e uma impressora \u00e0 Escola Gon\u00e7ala Rodrigues de Freitas.<\/p>\n\n\n\n<p>Al\u00e9m do prefeito \u00c9den, estiveram presentes tamb\u00e9m nas plen\u00e1rias, o coordenador do ODM, Marivaldo Alc\u00e2ntara, o gerente de acompanhamento do ODE, Jo\u00e3o Alves, vereadores, secret\u00e1rios municipais, l\u00edderes comunit\u00e1rios, imprensa e um p\u00fablico que compareceu em massa, apoiando, participando, votando e reivindicando as prioridades para cada comunidade.<\/p>\n\n\n\n<p>\u00c9den tem reiterado a import\u00e2ncia dessa ferramenta de participa\u00e7\u00e3o popular na defini\u00e7\u00e3o de pol\u00edticas p\u00fablicas para o munic\u00edpio de Sum\u00e9, dado que nesses espa\u00e7os a popula\u00e7\u00e3o presente elenca quais as necessidades urgentes de cada regi\u00e3o.&nbsp; E assim, segundo ele, a gest\u00e3o municipal pode trabalhar conforme as prioridades votadas em cada plen\u00e1ria.<\/p>\n\n\n\n<p>O conselheiro eleito na plen\u00e1ria do Riacho da Ro\u00e7a, Luizinho Batista, afirmou que est\u00e1 confiante com a implementa\u00e7\u00e3o do or\u00e7amento participativo.\u00a0<\/p>\n\n\n\n<p>Com esse mecanismo, ele espera que a zona rural seja cada vez mais lembrada e melhor assistida. Luizinho disse tamb\u00e9m que confia na sensibilidade e compet\u00eancia administrativa do prefeito \u00c9den.<\/p>\n\n\n\n<p>O l\u00edder comunit\u00e1rio Edmundo Soares tamb\u00e9m foi eleito conselheiro que ir\u00e1 representar a comunidade do Riacho da Ro\u00e7a junto ao ODM. \u201c\u00c9 a primeira vez na hist\u00f3ria que o munic\u00edpio de Sum\u00e9 realiza um evento dessa natureza, abrindo espa\u00e7o para a popula\u00e7\u00e3o participar e dizer onde melhor ser\u00e3o aplicados os recursos p\u00fablicos do munic\u00edpio\u201d, disse.<\/p>\n\n\n\n<p>Ascom PMS<\/p>\n","protected":false},"excerpt":{"rendered":"<p>A Prefeitura de Sum\u00e9 promoveu na sexta-feira (02) e no s\u00e1bado (03), a&nbsp;nona&nbsp;e&nbsp;d\u00e9cima plen\u00e1rias do Or\u00e7amento Democr\u00e1tico Municipal, compreendendo as regi\u00f5es do Conjunto Sebasti\u00e3o Vitorino&hellip; <\/p>\n","protected":false},"author":1,"featured_media":108815,"comment_status":"closed","ping_status":"closed","sticky":false,"template":"","format":"standard","meta":{"sfsi_plus_gutenberg_text_before_share":"","sfsi_plus_gutenberg_show_text_before_share":"","sfsi_plus_gutenberg_icon_type":"","sfsi_plus_gutenberg_icon_alignemt":"","sfsi_plus_gutenburg_max_per_row":"","footnotes":""},"categories":[6,50],"tags":[],"class_list":["post-108814","post","type-post","status-publish","format-standard","has-post-thumbnail","hentry","category-cidades","category-destaque"],"_links":{"self":[{"href":"https:\/\/www.caririemacao.com\/1\/wp-json\/wp\/v2\/posts\/108814","targetHints":{"allow":["GET"]}}],"collection":[{"href":"https:\/\/www.caririemacao.com\/1\/wp-json\/wp\/v2\/posts"}],"about":[{"href":"https:\/\/www.caririemacao.com\/1\/wp-json\/wp\/v2\/types\/post"}],"author":[{"embeddable":true,"href":"https:\/\/www.caririemacao.com\/1\/wp-json\/wp\/v2\/users\/1"}],"replies":[{"embeddable":true,"href":"https:\/\/www.caririemacao.com\/1\/wp-json\/wp\/v2\/comments?post=108814"}],"version-history":[{"count":1,"href":"https:\/\/www.caririemacao.com\/1\/wp-json\/wp\/v2\/posts\/108814\/revisions"}],"predecessor-version":[{"id":108816,"href":"https:\/\/www.caririemacao.com\/1\/wp-json\/wp\/v2\/posts\/108814\/revisions\/108816"}],"wp:featuredmedia":[{"embeddable":true,"href":"https:\/\/www.caririemacao.com\/1\/wp-json\/wp\/v2\/media\/108815"}],"wp:attachment":[{"href":"https:\/\/www.caririemacao.com\/1\/wp-json\/wp\/v2\/media?parent=108814"}],"wp:term":[{"taxonomy":"category","embeddable":true,"href":"https:\/\/www.caririemacao.com\/1\/wp-json\/wp\/v2\/categories?post=108814"},{"taxonomy":"post_tag","embeddable":true,"href":"https:\/\/www.caririemacao.com\/1\/wp-json\/wp\/v2\/tags?post=108814"}],"curies":[{"name":"wp","href":"https:\/\/api.w.org\/{rel}","templated":true}]}}