{"id":108821,"date":"2019-08-06T14:38:45","date_gmt":"2019-08-06T17:38:45","guid":{"rendered":"http:\/\/www.caririemacao.com\/1\/?p=108821"},"modified":"2019-08-06T14:38:45","modified_gmt":"2019-08-06T17:38:45","slug":"joao-azevedo-critica-bolsonaro-e-diz-que-consorcio-fortalecera-o-nordeste","status":"publish","type":"post","link":"https:\/\/www.caririemacao.com\/1\/2019\/08\/06\/joao-azevedo-critica-bolsonaro-e-diz-que-consorcio-fortalecera-o-nordeste\/","title":{"rendered":"Jo\u00e3o Azev\u00eado critica Bolsonaro e diz que Cons\u00f3rcio fortalecer\u00e1 o Nordeste"},"content":{"rendered":"\n<p>Contr\u00e1rio ao depoimento do presidente Jair Bolsonaro de que \u2018Governadores do Nordeste querem a divis\u00e3o do Pa\u00eds\u2019, o governador da Para\u00edba, Jo\u00e3o Azev\u00eado&nbsp;afirmou que a Regi\u00e3o enfrenta problemas e que com o Consorcio Nordeste ser\u00e1 poss\u00edvel enfrent\u00e1-los.&nbsp;As declara\u00e7\u00f5es de Bolsonaro foram dadas, nesta segunda-feira (5) em uma entrevista coletiva, ap\u00f3s participa\u00e7\u00e3o na inaugura\u00e7\u00e3o da primeira etapa de uma usina solar flutuante, instalada no reservat\u00f3rio da cidade de Sobradinho, na Bahia, estado que \u00e9 governado por Rui Costa (PT).<\/p>\n\n\n\n<p>&#8220;Esse conceito de divis\u00e3o nem passa por nossa cabe\u00e7a. O que existe na verdade \u00e9 que os governadores criaram&nbsp;um mecanismo extremamente moderno para que a regi\u00e3o possa superar os problemas que existem hoje. N\u00f3s temos que buscar alternativas para uma regi\u00e3o que tem um potencial enorme, mas que n\u00e3o est\u00e1 tendo investimento para se desenvolver. Queremos criar instrumentos para vencer as dificuldades que n\u00f3s temos hoje nesse pais que \u00e9 real, a economia n\u00e3o cresce e n\u00e3o existe recursos para investimentos, ent\u00e3o nos temos que ir buscar fora. Esse Cons\u00f3rcio vai permitir que v\u00e1rias frentes se abram para que a gente consiga receber investimentos. A \u00fanica pauta que nos interessa&nbsp;\u00e9 a do desenvolvimento&#8221;, explicou.&nbsp;<\/p>\n\n\n\n<p>O presidente ainda&nbsp;disse que n\u00e3o pode deixar que Azev\u00eado e Dino \u201cfa\u00e7am politicalha\u201d com sua imagem. Segundo Bolsonaro, os representantes dos dois estados conseguem recursos locais com o governo federal, mas \u201cdescem a borduna\u201d em cr\u00edticas. \u201cN\u00e3o vou negar nada para os estados, mas se eles (governadores) quiserem que realmente isso tudo seja atendido, eles v\u00e3o ter que falar que est\u00e3o trabalhando com o presidente Jair Bolsonaro. Caso contr\u00e1rio, eu n\u00e3o vou ter conversa com eles e vamos divulgar obras junto \u00e0s prefeituras\u201d, afirmou.<br><\/p>\n\n\n\n<p>O Cons\u00f3rcio Nordeste foi lan\u00e7ado na segunda-feira (29) e&nbsp;tem o objetivo de articular pol\u00edticas e reivindica\u00e7\u00f5es comuns \u00e0 regi\u00e3o.&nbsp;<\/p>\n\n\n\n<figure class=\"wp-block-image\"><img decoding=\"async\" data-src=\"https:\/\/www.clickpb.com.br\/media\/filer_public\/39\/bd\/39bd7157-3780-47c6-9d63-90c0ab33280c\/governadores_do_ne.jpg\" alt=\"\" src=\"data:image\/svg+xml;base64,PHN2ZyB3aWR0aD0iMSIgaGVpZ2h0PSIxIiB4bWxucz0iaHR0cDovL3d3dy53My5vcmcvMjAwMC9zdmciPjwvc3ZnPg==\" class=\"lazyload\" \/><\/figure>\n","protected":false},"excerpt":{"rendered":"<p>Contr\u00e1rio ao depoimento do presidente Jair Bolsonaro de que \u2018Governadores do Nordeste querem a divis\u00e3o do Pa\u00eds\u2019, o governador da Para\u00edba, Jo\u00e3o Azev\u00eado&nbsp;afirmou que a&hellip; <\/p>\n","protected":false},"author":1,"featured_media":108528,"comment_status":"closed","ping_status":"closed","sticky":false,"template":"","format":"standard","meta":{"sfsi_plus_gutenberg_text_before_share":"","sfsi_plus_gutenberg_show_text_before_share":"","sfsi_plus_gutenberg_icon_type":"","sfsi_plus_gutenberg_icon_alignemt":"","sfsi_plus_gutenburg_max_per_row":"","footnotes":""},"categories":[11],"tags":[],"class_list":["post-108821","post","type-post","status-publish","format-standard","has-post-thumbnail","hentry","category-politica"],"_links":{"self":[{"href":"https:\/\/www.caririemacao.com\/1\/wp-json\/wp\/v2\/posts\/108821","targetHints":{"allow":["GET"]}}],"collection":[{"href":"https:\/\/www.caririemacao.com\/1\/wp-json\/wp\/v2\/posts"}],"about":[{"href":"https:\/\/www.caririemacao.com\/1\/wp-json\/wp\/v2\/types\/post"}],"author":[{"embeddable":true,"href":"https:\/\/www.caririemacao.com\/1\/wp-json\/wp\/v2\/users\/1"}],"replies":[{"embeddable":true,"href":"https:\/\/www.caririemacao.com\/1\/wp-json\/wp\/v2\/comments?post=108821"}],"version-history":[{"count":1,"href":"https:\/\/www.caririemacao.com\/1\/wp-json\/wp\/v2\/posts\/108821\/revisions"}],"predecessor-version":[{"id":108822,"href":"https:\/\/www.caririemacao.com\/1\/wp-json\/wp\/v2\/posts\/108821\/revisions\/108822"}],"wp:featuredmedia":[{"embeddable":true,"href":"https:\/\/www.caririemacao.com\/1\/wp-json\/wp\/v2\/media\/108528"}],"wp:attachment":[{"href":"https:\/\/www.caririemacao.com\/1\/wp-json\/wp\/v2\/media?parent=108821"}],"wp:term":[{"taxonomy":"category","embeddable":true,"href":"https:\/\/www.caririemacao.com\/1\/wp-json\/wp\/v2\/categories?post=108821"},{"taxonomy":"post_tag","embeddable":true,"href":"https:\/\/www.caririemacao.com\/1\/wp-json\/wp\/v2\/tags?post=108821"}],"curies":[{"name":"wp","href":"https:\/\/api.w.org\/{rel}","templated":true}]}}