{"id":108826,"date":"2019-08-06T14:41:53","date_gmt":"2019-08-06T17:41:53","guid":{"rendered":"http:\/\/www.caririemacao.com\/1\/?p=108826"},"modified":"2019-08-06T14:41:53","modified_gmt":"2019-08-06T17:41:53","slug":"imagina-o-prazer-que-tive-de-falar-com-macron-e-merkel-diz-bolsonaro","status":"publish","type":"post","link":"https:\/\/www.caririemacao.com\/1\/2019\/08\/06\/imagina-o-prazer-que-tive-de-falar-com-macron-e-merkel-diz-bolsonaro\/","title":{"rendered":"Imagina o prazer que tive de falar com Macron e Merkel, diz Bolsonaro"},"content":{"rendered":"\n<p>O presidente Jair Bolsonaro ironizou nesta ter\u00e7a-feira (6) o mandat\u00e1rio da Fran\u00e7a, Emmanuel Macron, e a chanceler alem\u00e3, Angela Merkel, que questionam o compromisso da atual gest\u00e3o em quest\u00f5es ambientais.<\/p>\n\n\n\n<p>Ao discursar sobre desmatamento da Amaz\u00f4nia em evento do setor automotivo em S\u00e3o Paulo, disse que os dois &#8220;n\u00e3o se deram conta de que o Brasil est\u00e1 sob nova dire\u00e7\u00e3o&#8221;.<\/p>\n\n\n\n<p>&#8220;N\u00e3o posso me comprometer com palavr\u00e3o, mas d\u00e1 para usar: [Agora] tem presidente da Rep\u00fablica, poxa!&#8221;, afirmou, destacando o &#8220;poxa&#8221;, sob risos da plateia.<\/p>\n\n\n\n<p>Bolsonaro se reuniu com os dois l\u00edderes europeus na c\u00fapula do G20, em junho, no Jap\u00e3o. \u00c0 \u00e9poca, Macron, disse que poderia se recusar a assinar o acordo entre Uni\u00e3o Europeia e Mercosul se o governo brasileiro deixasse o acordo de Paris, que traz uma s\u00e9rie de medidas contra a mudan\u00e7a clim\u00e1tica.&nbsp;<\/p>\n\n\n\n<p>J\u00e1 a chanceler alem\u00e3, na v\u00e9spera do in\u00edcio da c\u00fapula em Osaka, pediu para conversar com o presidente brasileiro sobre desmatamento, o que gerou forte rea\u00e7\u00e3o de Bolsonaro e de membros do governo.<\/p>\n\n\n\n<p>Nesta ter\u00e7a, o brasileiro retornou ao tema. &#8220;Imagina o prazer que eu tive de conversar com Macron e Angela Merkel&#8221;, ironizou, ap\u00f3s dizer que 60% do territ\u00f3rio de Roraima &#8220;est\u00e1 inviabilizado&#8221; por reservas ind\u00edgenas.<\/p>\n\n\n\n<p>O presidente afirmou que &#8220;dados imprecisos&#8221; t\u00eam sido divulgados sobre desmatamento no pa\u00eds, sem se referir diretamente ao Inpe (Instituto Nacional de Pesquisas Espaciais), cujo diretor foi exonerado ap\u00f3s rebater cr\u00edticas de Bolsonaro sobre as informa\u00e7\u00f5es divulgadas pelo \u00f3rg\u00e3o.<\/p>\n\n\n\n<p>&#8220;Quando um n\u00famero, caso fosse verdadeiro, absurdo como aquele que j\u00e1 desmatei mais de 88% da Amaz\u00f4nia&#8230; Eu sou o &#8216;Capit\u00e3o Motosserra'&#8221;, afirmou, sob risos da plateia.&nbsp;<\/p>\n\n\n\n<p>Na verdade, o \u00f3rg\u00e3o informou que o desmatamento em junho aumentou 88% em rela\u00e7\u00e3o ao mesmo m\u00eas do ano anterior.<\/p>\n\n\n\n<p>&#8220;[Quando o \u00f3rg\u00e3o] divulga isso \u00e9 p\u00e9ssimo para a gente. Acabamos de assinar um acordo com o Mercosul que estava h\u00e1 20 anos parado.&#8221;&nbsp;<\/p>\n\n\n\n<p>&#8220;Em parte agrade\u00e7o ao Michel Temer que aprofundou essa discuss\u00e3o e solu\u00e7\u00e3o no passado. Mas n\u00f3s conseguimos com nossa equipe assinar a uni\u00e3o comercial Mercosul-Europa. Estamos bastante avan\u00e7ados com Jap\u00e3o e Coreia do Sul. [Donald] Trump tem nos dado uma aten\u00e7\u00e3o toda especial&#8221;, afirmou o presidente.<\/p>\n\n\n\n<p>O discurso de Bolsonaro foi feito em congresso da Fenabrave (entidade do setor de distribui\u00e7\u00e3o de ve\u00edculos automotores).<\/p>\n\n\n\n<p>Ao seu lado, estavam deputados, o prefeito de S\u00e3o Paulo, Bruno Covas (PSDB), e o ministro Ricardo Salles (Meio Ambiente).<\/p>\n\n\n\n<p>O presidente entrou no palco sob aplausos de aproximadamente 1.500 presentes, ligados a concession\u00e1rias de autom\u00f3veis.<\/p>\n\n\n\n<p>Falou por cerca de 20 minutos, em discurso repleto de ataques \u00e0 imprensa. Saiu do evento debaixo de gritos de &#8220;mito&#8221;, sem falar com os jornalistas.<\/p>\n","protected":false},"excerpt":{"rendered":"<p>O presidente Jair Bolsonaro ironizou nesta ter\u00e7a-feira (6) o mandat\u00e1rio da Fran\u00e7a, Emmanuel Macron, e a chanceler alem\u00e3, Angela Merkel, que questionam o compromisso da&hellip; <\/p>\n","protected":false},"author":1,"featured_media":105984,"comment_status":"closed","ping_status":"closed","sticky":false,"template":"","format":"standard","meta":{"sfsi_plus_gutenberg_text_before_share":"","sfsi_plus_gutenberg_show_text_before_share":"","sfsi_plus_gutenberg_icon_type":"","sfsi_plus_gutenberg_icon_alignemt":"","sfsi_plus_gutenburg_max_per_row":"","footnotes":""},"categories":[11],"tags":[],"class_list":["post-108826","post","type-post","status-publish","format-standard","has-post-thumbnail","hentry","category-politica"],"_links":{"self":[{"href":"https:\/\/www.caririemacao.com\/1\/wp-json\/wp\/v2\/posts\/108826","targetHints":{"allow":["GET"]}}],"collection":[{"href":"https:\/\/www.caririemacao.com\/1\/wp-json\/wp\/v2\/posts"}],"about":[{"href":"https:\/\/www.caririemacao.com\/1\/wp-json\/wp\/v2\/types\/post"}],"author":[{"embeddable":true,"href":"https:\/\/www.caririemacao.com\/1\/wp-json\/wp\/v2\/users\/1"}],"replies":[{"embeddable":true,"href":"https:\/\/www.caririemacao.com\/1\/wp-json\/wp\/v2\/comments?post=108826"}],"version-history":[{"count":1,"href":"https:\/\/www.caririemacao.com\/1\/wp-json\/wp\/v2\/posts\/108826\/revisions"}],"predecessor-version":[{"id":108827,"href":"https:\/\/www.caririemacao.com\/1\/wp-json\/wp\/v2\/posts\/108826\/revisions\/108827"}],"wp:featuredmedia":[{"embeddable":true,"href":"https:\/\/www.caririemacao.com\/1\/wp-json\/wp\/v2\/media\/105984"}],"wp:attachment":[{"href":"https:\/\/www.caririemacao.com\/1\/wp-json\/wp\/v2\/media?parent=108826"}],"wp:term":[{"taxonomy":"category","embeddable":true,"href":"https:\/\/www.caririemacao.com\/1\/wp-json\/wp\/v2\/categories?post=108826"},{"taxonomy":"post_tag","embeddable":true,"href":"https:\/\/www.caririemacao.com\/1\/wp-json\/wp\/v2\/tags?post=108826"}],"curies":[{"name":"wp","href":"https:\/\/api.w.org\/{rel}","templated":true}]}}