{"id":108851,"date":"2019-08-06T15:36:22","date_gmt":"2019-08-06T18:36:22","guid":{"rendered":"http:\/\/www.caririemacao.com\/1\/?p=108851"},"modified":"2019-08-06T15:36:22","modified_gmt":"2019-08-06T18:36:22","slug":"mpf-em-sp-pede-arquivamento-de-inquerito-das-fake-news","status":"publish","type":"post","link":"https:\/\/www.caririemacao.com\/1\/2019\/08\/06\/mpf-em-sp-pede-arquivamento-de-inquerito-das-fake-news\/","title":{"rendered":"MPF em SP pede arquivamento de &#8220;inqu\u00e9rito das fake news&#8221;"},"content":{"rendered":"\n<p>O Minist\u00e9rio P\u00fablico Federal (MPF) em S\u00e3o Paulo pediu&nbsp;hoje&nbsp;(06) o arquivamento de investiga\u00e7\u00e3o sobre not\u00edcias falsas, cal\u00fanias e amea\u00e7as contra o Supremo Tribunal Federal (STF). O processo teve origem em inqu\u00e9rito aberto pela Corte, que ficou conhecido como \u201cinqu\u00e9rito das fake news\u201d.<\/p>\n\n\n\n<p>O caso trata da situa\u00e7\u00e3o de um dos sete investigados por divulga\u00e7\u00e3o de mensagens em redes sociais, consideradas ofensivas ao STF e seus integrantes. O procedimento foi desmembrado e remetido \u00e0 Justi\u00e7a Federal em S\u00e3o Paulo pelo relator, ministro Alexandre de Moraes, j\u00e1 que o alvo da investiga\u00e7\u00e3o n\u00e3o tem prerrogativa de foro para ser processado e julgado pelo Supremo.<\/p>\n\n\n\n<p>O pedido de arquivamento tem a mesma argumenta\u00e7\u00e3o apresentada pela procuradora-geral da Rep\u00fablica, Raquel Dodge,&nbsp; quando se manifestou pelo processo principal, defendendo a nulidade da apura\u00e7\u00e3o ap\u00f3s apontar v\u00edcios na condu\u00e7\u00e3o e na forma como a investiga\u00e7\u00e3o foi instaurada.<\/p>\n\n\n\n<figure class=\"wp-block-image\"><img decoding=\"async\" data-src=\"http:\/\/imagens.ebc.com.br\/z4R8wVEEc4bywdVq4OovXJO-KDw=\/365x0\/smart\/http:\/\/agenciabrasil.ebc.com.br\/sites\/default\/files\/thumbnails\/image\/mcmgo_abr_140620194745df.jpg?itok=JLUwybUj\" alt=\"A procuradora-geral da Rep\u00fablica, Raquel Dodge, durante a palestra &quot;A Constru\u00e7\u00e3o do Brasil, da Independ\u00eancia \u00e0 Rep\u00fablica&quot;, no STF.\" src=\"data:image\/svg+xml;base64,PHN2ZyB3aWR0aD0iMSIgaGVpZ2h0PSIxIiB4bWxucz0iaHR0cDovL3d3dy53My5vcmcvMjAwMC9zdmciPjwvc3ZnPg==\" class=\"lazyload\" \/><\/figure>\n\n\n\n<p>Dodge defende nulidade de &#8220;inqu\u00e9rito das&nbsp;<em>fake news<\/em>&#8220;.&nbsp;<strong>(Arquivo\/Marcelo Camargo\/Ag\u00eancia Brasil<\/strong><\/p>\n\n\n\n<p>Para o MPF, a apura\u00e7\u00e3o viola os preceitos do sistema acusat\u00f3rio brasileiro pois \u201c\u00e9 inconceb\u00edvel que um membro do Poder Judici\u00e1rio acumule os pap\u00e9is de v\u00edtima, investigador e julgador\u201d. O MPF tamb\u00e9m questiona o fato de que o Supremo instaurou a investiga\u00e7\u00e3o de of\u00edcio, por iniciativa pr\u00f3pria, sem a atua\u00e7\u00e3o do Minist\u00e9rio P\u00fablico, e a forma gen\u00e9rica como foi descrito o objeto da apura\u00e7\u00e3o.<\/p>\n\n\n\n<p>\u201cObserva-se que n\u00e3o s\u00f3 existiu o v\u00edcio de origem e forma (investiga\u00e7\u00e3o iniciada e presidida por membro do Poder Judici\u00e1rio), como tamb\u00e9m a m\u00e1cula da incompet\u00eancia absoluta do Ju\u00edzo, pois a investigada n\u00e3o \u00e9 detentora de foro no STF, como determina a Constitui\u00e7\u00e3o Federal\u201d, destacou o Minist\u00e9rio P\u00fablico Federal na manifesta\u00e7\u00e3o sobre o caso. \u201cEntende-se pelo arquivamento deste apurat\u00f3rio, eis que originado de investiga\u00e7\u00e3o nula e, assim, desprovido da necess\u00e1ria prova de materialidade dos crimes que pretende investigar\u201d, concluiu.<\/p>\n\n\n\n<p>O inqu\u00e9rito principal foi aberto no dia&nbsp;14 de mar\u00e7o pelo o presidente do STF, ministro Dias Toffoli, para apurar veicula\u00e7\u00e3o de not\u00edcias falsas, conhecidas como&nbsp;<em>fake news<\/em>, que atingem a honorabilidade e a seguran\u00e7a da Corte, seus membros e parentes. Toffoli defendeu que a decis\u00e3o pela abertura do processo est\u00e1 amparada no regimento interno do STF. Procurado pela reportagem&nbsp;da&nbsp;<em><strong>Ag\u00eancia Brasil<\/strong><\/em>,&nbsp;o Supremo informou que o inqu\u00e9rito tramita em segredo de Justi\u00e7a.<\/p>\n","protected":false},"excerpt":{"rendered":"<p>O Minist\u00e9rio P\u00fablico Federal (MPF) em S\u00e3o Paulo pediu&nbsp;hoje&nbsp;(06) o arquivamento de investiga\u00e7\u00e3o sobre not\u00edcias falsas, cal\u00fanias e amea\u00e7as contra o Supremo Tribunal Federal (STF).&hellip; <\/p>\n","protected":false},"author":1,"featured_media":97053,"comment_status":"closed","ping_status":"closed","sticky":false,"template":"","format":"standard","meta":{"sfsi_plus_gutenberg_text_before_share":"","sfsi_plus_gutenberg_show_text_before_share":"","sfsi_plus_gutenberg_icon_type":"","sfsi_plus_gutenberg_icon_alignemt":"","sfsi_plus_gutenburg_max_per_row":"","footnotes":""},"categories":[2],"tags":[],"class_list":["post-108851","post","type-post","status-publish","format-standard","has-post-thumbnail","hentry","category-geral"],"_links":{"self":[{"href":"https:\/\/www.caririemacao.com\/1\/wp-json\/wp\/v2\/posts\/108851","targetHints":{"allow":["GET"]}}],"collection":[{"href":"https:\/\/www.caririemacao.com\/1\/wp-json\/wp\/v2\/posts"}],"about":[{"href":"https:\/\/www.caririemacao.com\/1\/wp-json\/wp\/v2\/types\/post"}],"author":[{"embeddable":true,"href":"https:\/\/www.caririemacao.com\/1\/wp-json\/wp\/v2\/users\/1"}],"replies":[{"embeddable":true,"href":"https:\/\/www.caririemacao.com\/1\/wp-json\/wp\/v2\/comments?post=108851"}],"version-history":[{"count":1,"href":"https:\/\/www.caririemacao.com\/1\/wp-json\/wp\/v2\/posts\/108851\/revisions"}],"predecessor-version":[{"id":108852,"href":"https:\/\/www.caririemacao.com\/1\/wp-json\/wp\/v2\/posts\/108851\/revisions\/108852"}],"wp:featuredmedia":[{"embeddable":true,"href":"https:\/\/www.caririemacao.com\/1\/wp-json\/wp\/v2\/media\/97053"}],"wp:attachment":[{"href":"https:\/\/www.caririemacao.com\/1\/wp-json\/wp\/v2\/media?parent=108851"}],"wp:term":[{"taxonomy":"category","embeddable":true,"href":"https:\/\/www.caririemacao.com\/1\/wp-json\/wp\/v2\/categories?post=108851"},{"taxonomy":"post_tag","embeddable":true,"href":"https:\/\/www.caririemacao.com\/1\/wp-json\/wp\/v2\/tags?post=108851"}],"curies":[{"name":"wp","href":"https:\/\/api.w.org\/{rel}","templated":true}]}}