{"id":108855,"date":"2019-08-06T15:41:06","date_gmt":"2019-08-06T18:41:06","guid":{"rendered":"http:\/\/www.caririemacao.com\/1\/?p=108855"},"modified":"2019-08-06T15:41:06","modified_gmt":"2019-08-06T18:41:06","slug":"venda-de-veiculos-aumenta-121-no-primeiro-semestre-diz-anfavea","status":"publish","type":"post","link":"https:\/\/www.caririemacao.com\/1\/2019\/08\/06\/venda-de-veiculos-aumenta-121-no-primeiro-semestre-diz-anfavea\/","title":{"rendered":"Venda de ve\u00edculos aumenta 12,1% no primeiro semestre, diz Anfavea"},"content":{"rendered":"\n<p><br>A venda de ve\u00edculos no pa\u00eds aumentou 12,1% de janeiro a julho de 2019 na compara\u00e7\u00e3o com o mesmo per\u00edodo do ano anterior, passando de 1,38 milh\u00e3o de unidades para 1,55 milh\u00e3o. Quando comparadas as vendas&nbsp;de julho&nbsp;de 2019 (243,6 mil) com o mesmo m\u00eas de 2018 (217,5 mil), houve eleva\u00e7\u00e3o de 12%. Na compara\u00e7\u00e3o com junho, os licenciamentos aumentaram 9,1%.<\/p>\n\n\n\n<p>Os dados foram divulgados&nbsp;hoje&nbsp;(6)&nbsp;pela Associa\u00e7\u00e3o Nacional dos Fabricantes de Ve\u00edculos Automotores (Anfavea).<\/p>\n\n\n\n<p>A exporta\u00e7\u00e3o de ve\u00edculos montados caiu 38,4% de janeiro a julho na compara\u00e7\u00e3o com o mesmo per\u00edodo do ano passado. Em rela\u00e7\u00e3o a julho de 2018, a venda para o exterior caiu 15,7% e ante junho deste ano houve aumento de 4,2%.<\/p>\n\n\n\n<p>&#8220;Continuamos tendo queda nas exporta\u00e7\u00f5es basicamente por conta da Argentina. Este m\u00eas tivemos um pequeno acr\u00e9scimo de exporta\u00e7\u00f5es para Col\u00f4mbia e M\u00e9xico que ajudou a diminuir essa queda, mas exporta\u00e7\u00e3o \u00e9 um n\u00famero que estamos estimando que poder\u00e1 gerar queda no total do ano de cerca de 29%&#8221;, afirmou o presidente da Anfavea, Luiz Carlos Moraes.<\/p>\n\n\n\n<p>Segundo a associa\u00e7\u00e3o, a produ\u00e7\u00e3o dos sete meses de 2019 aumentou 3,6% ante o mesmo per\u00edodo do ano passado, ao passar de 1,68 milh\u00e3o para 1,74 milh\u00e3o de ve\u00edculos produzidos. Na compara\u00e7\u00e3o entre os meses&nbsp;de julho&nbsp;houve crescimento de 8,4%. No s\u00e9timo m\u00eas deste ano a produ\u00e7\u00e3o chegou a 266,4 mil. Na compara\u00e7\u00e3o com junho o aumento foi de 14,2%.<\/p>\n\n\n\n<p>&#8220;A produ\u00e7\u00e3o teve um crescimento importante em linha com o crescimento do mercado interno e tamb\u00e9m compat\u00edvel com o novo cen\u00e1rio das exporta\u00e7\u00f5es&#8221;, disse Moraes.<\/p>\n","protected":false},"excerpt":{"rendered":"<p>A venda de ve\u00edculos no pa\u00eds aumentou 12,1% de janeiro a julho de 2019 na compara\u00e7\u00e3o com o mesmo per\u00edodo do ano anterior, passando de&hellip; <\/p>\n","protected":false},"author":1,"featured_media":42674,"comment_status":"closed","ping_status":"closed","sticky":false,"template":"","format":"standard","meta":{"sfsi_plus_gutenberg_text_before_share":"","sfsi_plus_gutenberg_show_text_before_share":"","sfsi_plus_gutenberg_icon_type":"","sfsi_plus_gutenberg_icon_alignemt":"","sfsi_plus_gutenburg_max_per_row":"","footnotes":""},"categories":[2],"tags":[],"class_list":["post-108855","post","type-post","status-publish","format-standard","has-post-thumbnail","hentry","category-geral"],"_links":{"self":[{"href":"https:\/\/www.caririemacao.com\/1\/wp-json\/wp\/v2\/posts\/108855","targetHints":{"allow":["GET"]}}],"collection":[{"href":"https:\/\/www.caririemacao.com\/1\/wp-json\/wp\/v2\/posts"}],"about":[{"href":"https:\/\/www.caririemacao.com\/1\/wp-json\/wp\/v2\/types\/post"}],"author":[{"embeddable":true,"href":"https:\/\/www.caririemacao.com\/1\/wp-json\/wp\/v2\/users\/1"}],"replies":[{"embeddable":true,"href":"https:\/\/www.caririemacao.com\/1\/wp-json\/wp\/v2\/comments?post=108855"}],"version-history":[{"count":1,"href":"https:\/\/www.caririemacao.com\/1\/wp-json\/wp\/v2\/posts\/108855\/revisions"}],"predecessor-version":[{"id":108856,"href":"https:\/\/www.caririemacao.com\/1\/wp-json\/wp\/v2\/posts\/108855\/revisions\/108856"}],"wp:featuredmedia":[{"embeddable":true,"href":"https:\/\/www.caririemacao.com\/1\/wp-json\/wp\/v2\/media\/42674"}],"wp:attachment":[{"href":"https:\/\/www.caririemacao.com\/1\/wp-json\/wp\/v2\/media?parent=108855"}],"wp:term":[{"taxonomy":"category","embeddable":true,"href":"https:\/\/www.caririemacao.com\/1\/wp-json\/wp\/v2\/categories?post=108855"},{"taxonomy":"post_tag","embeddable":true,"href":"https:\/\/www.caririemacao.com\/1\/wp-json\/wp\/v2\/tags?post=108855"}],"curies":[{"name":"wp","href":"https:\/\/api.w.org\/{rel}","templated":true}]}}